{"id":1427,"date":"1978-01-29T14:28:58","date_gmt":"1978-01-29T13:28:58","guid":{"rendered":"https:\/\/kolarovi.rohozna.net\/wp\/?p=1427"},"modified":"2026-04-23T13:12:11","modified_gmt":"2026-04-23T11:12:11","slug":"opustaky-z-vojny","status":"publish","type":"post","link":"https:\/\/kolarovi.rohozna.net\/wp\/siska\/opustaky-z-vojny","title":{"rendered":"Opu\u0161\u0165\u00e1ky z\u00a0vojny"},"content":{"rendered":"\n<h4 class=\"wp-block-heading has-text-align-center datumovka has-large-font-size\">1977 \u2013 1978<\/h4>\n\n\n\n<div class=\"wp-block-columns is-layout-flex wp-container-core-columns-is-layout-28f84493 wp-block-columns-is-layout-flex\">\n<div class=\"wp-block-column text-sloupec is-layout-flow wp-block-column-is-layout-flow\">\n<div class=\"wp-block-group text-sloupec is-vertical is-layout-flex wp-container-core-group-is-layout-fe9cc265 wp-block-group-is-layout-flex\">\n<p>Z vojny m\u011b pou\u0161t\u011bli jen v\u00fdjime\u010dn\u011b. N\u011bjak se mi poda\u0159ilo p\u0159ijet na na\u0161e tradi\u010dn\u00ed trampsk\u00e9 setk\u00e1n\u00ed Potl\u00e1\u0161ek, kter\u00e9 jsme m\u00edvali v Zelen\u00e9m \u00fadol\u00ed nad Bransouzema. A potom bylo skv\u011bl\u00e9, \u017ee jsem mohl jet v dubnu 1978 na velkej vandr s kamar\u00e1dama do N\u00edzk\u00fdch Tater. Byli jsme tam spole\u010dn\u011b n\u011bkolik dn\u00ed a u\u017eili si kr\u00e1sn\u00e9 zimy. Bloudili jsme po h\u0159ebeni ve v\u00e1nici a n\u00e1hodou jsme narazili na n\u011bjakou horskou chatu, do kter\u00e9 jsme se vloupali a spali jsme tam spolu v pe\u0159in\u00e1ch. Antikoncepci jsme nikdy moc ne\u0159e\u0161ili. V t\u00e9 dob\u011b se hodn\u011b po\u010d\u00edtaly plodn\u00e9 a neplodn\u00e9 dny. A tehdy se uk\u00e1zalo, \u017ee Han\u011b Freiov\u00e9 \u2013 studentce vysok\u00e9 \u0161koly ekonomick\u00e9 \u2013 ty po\u010dty moc ne\u0161ly. Anebo to bylo n\u011bjak\u00e9 vy\u0161\u0161\u00ed \u0159\u00edzen\u00ed osudu a nebes? Kdo v\u00ed?! Jist\u00e9 je jen to, \u017ee ten n\u00e1pis, co jsme m\u00edvali na koleji na pokoji u\u017e byl zbyte\u010dn\u00fd a taky to, \u017ee to \u0160i\u0161ce moc slu\u0161elo!<\/p>\n\n\n\n<div class=\"wp-block-group wp-container-content-9cfa9a5a is-vertical is-layout-flex wp-container-core-group-is-layout-fed7e1b2 wp-block-group-is-layout-flex\"><div class=\"galerie_fotek alignwide\">\r\n\t<h2>Galerie<\/h2>\r\n\t<div class=\"collage\"><a data-caption='&lt;a href=&quot;https:\/\/bal-v-lapaku.cz\/galerie\/index.php?\/tags\/hana_siska_kolarova&quot;&gt;Hana &Scaron;i&scaron;ka Kol&aacute;\u0159ov&aacute;&lt;\/a&gt; &lt;a href=&quot;https:\/\/bal-v-lapaku.cz\/galerie\/index.php?\/tags\/lubos_lobo_kujinek&quot;&gt;Lubo&scaron; Lobo Kuj&iacute;nek&lt;\/a&gt; &lt;a href=&quot;https:\/\/bal-v-lapaku.cz\/galerie\/index.php?\/tags\/nizke_tatry&quot;&gt;N&iacute;zk&eacute; Tatry&lt;\/a&gt; 30.4.1978 00:00 Foto: Milan Medv\u011bd Kol&aacute;\u0159&lt;a download=&quot;&quot; href=https:\/\/bal-v-lapaku.cz\/galerie\/upload\/2024\/12\/23\/20241223000903-6d85d2a7.jpg target=&quot;_blank&quot; title=&quot;St&aacute;hnout origin&aacute;l&quot; class=&quot;stahnout&quot;&gt;&lt;img src=&quot;\/fotky\/themes\/bootstrap_darkroom\/img\/sipka_stahni.svg&quot;&gt; st&aacute;hnout&lt;\/a&gt;' data-original='https:\/\/bal-v-lapaku.cz\/galerie\/upload\/2024\/12\/23\/20241223000903-6d85d2a7.jpg' href='https:\/\/bal-v-lapaku.cz\/galerie\/i.php?\/upload\/2024\/12\/23\/20241223000903-6d85d2a7-xl.jpg' title='30.4.1978 00:00 Foto: Milan Medv\u011bd Kol\u00e1\u0159'  data-fancybox='gallery' class=''><img src='https:\/\/bal-v-lapaku.cz\/galerie\/i.php?\/upload\/2024\/12\/23\/20241223000903-6d85d2a7-th.jpg' alt='30.4.1978 00:00 Foto: Milan Medv\u011bd Kol\u00e1\u0159' style='height:100px;' class='galerie_tb'><\/a>\r\n<a data-caption='&lt;a href=&quot;https:\/\/bal-v-lapaku.cz\/galerie\/index.php?\/tags\/hana_siska_kolarova&quot;&gt;Hana &Scaron;i&scaron;ka Kol&aacute;\u0159ov&aacute;&lt;\/a&gt; &lt;a href=&quot;https:\/\/bal-v-lapaku.cz\/galerie\/index.php?\/tags\/nizke_tatry&quot;&gt;N&iacute;zk&eacute; Tatry&lt;\/a&gt; 30.4.1978 00:00 Foto: Milan Medv\u011bd Kol&aacute;\u0159&lt;a download=&quot;&quot; href=https:\/\/bal-v-lapaku.cz\/galerie\/upload\/2024\/12\/23\/20241223000907-6683f930.jpg target=&quot;_blank&quot; title=&quot;St&aacute;hnout origin&aacute;l&quot; class=&quot;stahnout&quot;&gt;&lt;img src=&quot;\/fotky\/themes\/bootstrap_darkroom\/img\/sipka_stahni.svg&quot;&gt; st&aacute;hnout&lt;\/a&gt;' data-original='https:\/\/bal-v-lapaku.cz\/galerie\/upload\/2024\/12\/23\/20241223000907-6683f930.jpg' href='https:\/\/bal-v-lapaku.cz\/galerie\/i.php?\/upload\/2024\/12\/23\/20241223000907-6683f930-xl.jpg' title='30.4.1978 00:00 Foto: Milan Medv\u011bd Kol\u00e1\u0159'  data-fancybox='gallery' class=''><img src='https:\/\/bal-v-lapaku.cz\/galerie\/i.php?\/upload\/2024\/12\/23\/20241223000907-6683f930-th.jpg' alt='30.4.1978 00:00 Foto: Milan Medv\u011bd Kol\u00e1\u0159' style='height:100px;' class='galerie_tb'><\/a>\r\n<a data-caption='&lt;a href=&quot;https:\/\/bal-v-lapaku.cz\/galerie\/index.php?\/tags\/hana_siska_kolarova&quot;&gt;Hana &Scaron;i&scaron;ka Kol&aacute;\u0159ov&aacute;&lt;\/a&gt; &lt;a href=&quot;https:\/\/bal-v-lapaku.cz\/galerie\/index.php?\/tags\/lidka_konvalinkova&quot;&gt;Lidka Konvalinkov&aacute;&lt;\/a&gt; &lt;a href=&quot;https:\/\/bal-v-lapaku.cz\/galerie\/index.php?\/tags\/vera_svika_nemcanska&quot;&gt;V\u011bra &Scaron;v&iacute;ka N\u011bm\u010dansk&aacute;&lt;\/a&gt; &lt;a href=&quot;https:\/\/bal-v-lapaku.cz\/galerie\/index.php?\/tags\/nizke_tatry&quot;&gt;N&iacute;zk&eacute; Tatry&lt;\/a&gt; 30.4.1978 00:00 Foto: Milan Medv\u011bd Kol&aacute;\u0159&lt;a download=&quot;&quot; href=https:\/\/bal-v-lapaku.cz\/galerie\/upload\/2024\/12\/23\/20241223000909-b829bbf2.jpg target=&quot;_blank&quot; title=&quot;St&aacute;hnout origin&aacute;l&quot; class=&quot;stahnout&quot;&gt;&lt;img src=&quot;\/fotky\/themes\/bootstrap_darkroom\/img\/sipka_stahni.svg&quot;&gt; st&aacute;hnout&lt;\/a&gt;' data-original='https:\/\/bal-v-lapaku.cz\/galerie\/upload\/2024\/12\/23\/20241223000909-b829bbf2.jpg' href='https:\/\/bal-v-lapaku.cz\/galerie\/i.php?\/upload\/2024\/12\/23\/20241223000909-b829bbf2-xl.jpg' title='30.4.1978 00:00 Foto: Milan Medv\u011bd Kol\u00e1\u0159'  data-fancybox='gallery' class=''><img src='https:\/\/bal-v-lapaku.cz\/galerie\/i.php?\/upload\/2024\/12\/23\/20241223000909-b829bbf2-th.jpg' alt='30.4.1978 00:00 Foto: Milan Medv\u011bd Kol\u00e1\u0159' style='height:100px;' class='galerie_tb'><\/a>\r\n<a data-caption='&lt;a href=&quot;https:\/\/bal-v-lapaku.cz\/galerie\/index.php?\/tags\/hana_siska_kolarova&quot;&gt;Hana &Scaron;i&scaron;ka Kol&aacute;\u0159ov&aacute;&lt;\/a&gt; &lt;a href=&quot;https:\/\/bal-v-lapaku.cz\/galerie\/index.php?\/tags\/nizke_tatry&quot;&gt;N&iacute;zk&eacute; Tatry&lt;\/a&gt; 30.4.1978 00:00 Foto: Milan Medv\u011bd Kol&aacute;\u0159&lt;a download=&quot;&quot; href=https:\/\/bal-v-lapaku.cz\/galerie\/upload\/2024\/12\/23\/20241223000909-a822379e.jpg target=&quot;_blank&quot; title=&quot;St&aacute;hnout origin&aacute;l&quot; class=&quot;stahnout&quot;&gt;&lt;img src=&quot;\/fotky\/themes\/bootstrap_darkroom\/img\/sipka_stahni.svg&quot;&gt; st&aacute;hnout&lt;\/a&gt;' data-original='https:\/\/bal-v-lapaku.cz\/galerie\/upload\/2024\/12\/23\/20241223000909-a822379e.jpg' href='https:\/\/bal-v-lapaku.cz\/galerie\/i.php?\/upload\/2024\/12\/23\/20241223000909-a822379e-xl.jpg' title='30.4.1978 00:00 Foto: Milan Medv\u011bd Kol\u00e1\u0159'  data-fancybox='gallery' class=''><img src='https:\/\/bal-v-lapaku.cz\/galerie\/i.php?\/upload\/2024\/12\/23\/20241223000909-a822379e-th.jpg' alt='30.4.1978 00:00 Foto: Milan Medv\u011bd Kol\u00e1\u0159' style='height:100px;' class='galerie_tb'><\/a>\r\n<a data-caption='&lt;a href=&quot;https:\/\/bal-v-lapaku.cz\/galerie\/index.php?\/tags\/hana_siska_kolarova&quot;&gt;Hana &Scaron;i&scaron;ka Kol&aacute;\u0159ov&aacute;&lt;\/a&gt; &lt;a href=&quot;https:\/\/bal-v-lapaku.cz\/galerie\/index.php?\/tags\/lidka_konvalinkova&quot;&gt;Lidka Konvalinkov&aacute;&lt;\/a&gt; &lt;a href=&quot;https:\/\/bal-v-lapaku.cz\/galerie\/index.php?\/tags\/vera_svika_nemcanska&quot;&gt;V\u011bra &Scaron;v&iacute;ka N\u011bm\u010dansk&aacute;&lt;\/a&gt; &lt;a href=&quot;https:\/\/bal-v-lapaku.cz\/galerie\/index.php?\/tags\/adam_ladra&quot;&gt;Adam Ladra&lt;\/a&gt; &lt;a href=&quot;https:\/\/bal-v-lapaku.cz\/galerie\/index.php?\/tags\/lubos_lobo_kujinek&quot;&gt;Lubo&scaron; Lobo Kuj&iacute;nek&lt;\/a&gt; &lt;a href=&quot;https:\/\/bal-v-lapaku.cz\/galerie\/index.php?\/tags\/nizke_tatry&quot;&gt;N&iacute;zk&eacute; Tatry&lt;\/a&gt; 30.4.1978 00:00 Foto: Milan Medv\u011bd Kol&aacute;\u0159&lt;a download=&quot;&quot; href=https:\/\/bal-v-lapaku.cz\/galerie\/upload\/2024\/12\/23\/20241223000911-66fe90b5.jpg target=&quot;_blank&quot; title=&quot;St&aacute;hnout origin&aacute;l&quot; class=&quot;stahnout&quot;&gt;&lt;img src=&quot;\/fotky\/themes\/bootstrap_darkroom\/img\/sipka_stahni.svg&quot;&gt; st&aacute;hnout&lt;\/a&gt;' data-original='https:\/\/bal-v-lapaku.cz\/galerie\/upload\/2024\/12\/23\/20241223000911-66fe90b5.jpg' href='https:\/\/bal-v-lapaku.cz\/galerie\/i.php?\/upload\/2024\/12\/23\/20241223000911-66fe90b5-xl.jpg' title='30.4.1978 00:00 Foto: Milan Medv\u011bd Kol\u00e1\u0159'  data-fancybox='gallery' class=''><img src='https:\/\/bal-v-lapaku.cz\/galerie\/i.php?\/upload\/2024\/12\/23\/20241223000911-66fe90b5-th.jpg' alt='30.4.1978 00:00 Foto: Milan Medv\u011bd Kol\u00e1\u0159' style='height:100px;' class='galerie_tb'><\/a>\r\n<a data-caption='&lt;a href=&quot;https:\/\/bal-v-lapaku.cz\/galerie\/index.php?\/tags\/hana_siska_kolarova&quot;&gt;Hana &Scaron;i&scaron;ka Kol&aacute;\u0159ov&aacute;&lt;\/a&gt; &lt;a href=&quot;https:\/\/bal-v-lapaku.cz\/galerie\/index.php?\/tags\/nizke_tatry&quot;&gt;N&iacute;zk&eacute; Tatry&lt;\/a&gt; 30.4.1978 00:00 Foto: Milan Medv\u011bd Kol&aacute;\u0159&lt;a download=&quot;&quot; href=https:\/\/bal-v-lapaku.cz\/galerie\/upload\/2024\/12\/23\/20241223000919-554c79ed.jpg target=&quot;_blank&quot; title=&quot;St&aacute;hnout origin&aacute;l&quot; class=&quot;stahnout&quot;&gt;&lt;img src=&quot;\/fotky\/themes\/bootstrap_darkroom\/img\/sipka_stahni.svg&quot;&gt; st&aacute;hnout&lt;\/a&gt;' data-original='https:\/\/bal-v-lapaku.cz\/galerie\/upload\/2024\/12\/23\/20241223000919-554c79ed.jpg' href='https:\/\/bal-v-lapaku.cz\/galerie\/i.php?\/upload\/2024\/12\/23\/20241223000919-554c79ed-xl.jpg' title='30.4.1978 00:00 Foto: Milan Medv\u011bd Kol\u00e1\u0159'  data-fancybox='gallery' class=''><img src='https:\/\/bal-v-lapaku.cz\/galerie\/i.php?\/upload\/2024\/12\/23\/20241223000919-554c79ed-th.jpg' alt='30.4.1978 00:00 Foto: Milan Medv\u011bd Kol\u00e1\u0159' style='height:100px;' class='galerie_tb'><\/a>\r\n<a data-caption='&lt;a href=&quot;https:\/\/bal-v-lapaku.cz\/galerie\/index.php?\/tags\/hana_siska_kolarova&quot;&gt;Hana &Scaron;i&scaron;ka Kol&aacute;\u0159ov&aacute;&lt;\/a&gt; &lt;a href=&quot;https:\/\/bal-v-lapaku.cz\/galerie\/index.php?\/tags\/lidka_konvalinkova&quot;&gt;Lidka Konvalinkov&aacute;&lt;\/a&gt; &lt;a href=&quot;https:\/\/bal-v-lapaku.cz\/galerie\/index.php?\/tags\/vera_svika_nemcanska&quot;&gt;V\u011bra &Scaron;v&iacute;ka N\u011bm\u010dansk&aacute;&lt;\/a&gt; &lt;a href=&quot;https:\/\/bal-v-lapaku.cz\/galerie\/index.php?\/tags\/adam_ladra&quot;&gt;Adam Ladra&lt;\/a&gt; &lt;a href=&quot;https:\/\/bal-v-lapaku.cz\/galerie\/index.php?\/tags\/dada_ettlerova&quot;&gt;Dada Ettlerov&aacute;&lt;\/a&gt; &lt;a href=&quot;https:\/\/bal-v-lapaku.cz\/galerie\/index.php?\/tags\/lubos_lobo_kujinek&quot;&gt;Lubo&scaron; Lobo Kuj&iacute;nek&lt;\/a&gt; &lt;a href=&quot;https:\/\/bal-v-lapaku.cz\/galerie\/index.php?\/tags\/zdenek_zabak_ettler&quot;&gt;Zden\u011bk \u017dab&aacute;k Ettler&lt;\/a&gt; &lt;a href=&quot;https:\/\/bal-v-lapaku.cz\/galerie\/index.php?\/tags\/nizke_tatry&quot;&gt;N&iacute;zk&eacute; Tatry&lt;\/a&gt; 30.4.1978 00:00 Foto: Milan Medv\u011bd Kol&aacute;\u0159&lt;a download=&quot;&quot; href=https:\/\/bal-v-lapaku.cz\/galerie\/upload\/2024\/12\/23\/20241223000920-8aca87be.jpg target=&quot;_blank&quot; title=&quot;St&aacute;hnout origin&aacute;l&quot; class=&quot;stahnout&quot;&gt;&lt;img src=&quot;\/fotky\/themes\/bootstrap_darkroom\/img\/sipka_stahni.svg&quot;&gt; st&aacute;hnout&lt;\/a&gt;' data-original='https:\/\/bal-v-lapaku.cz\/galerie\/upload\/2024\/12\/23\/20241223000920-8aca87be.jpg' href='https:\/\/bal-v-lapaku.cz\/galerie\/i.php?\/upload\/2024\/12\/23\/20241223000920-8aca87be-xl.jpg' title='30.4.1978 00:00 Foto: Milan Medv\u011bd Kol\u00e1\u0159'  data-fancybox='gallery' class=''><img src='https:\/\/bal-v-lapaku.cz\/galerie\/i.php?\/upload\/2024\/12\/23\/20241223000920-8aca87be-th.jpg' alt='30.4.1978 00:00 Foto: Milan Medv\u011bd Kol\u00e1\u0159' style='height:100px;' class='galerie_tb'><\/a>\r\n<a data-caption='&lt;a href=&quot;https:\/\/bal-v-lapaku.cz\/galerie\/index.php?\/tags\/hana_siska_kolarova&quot;&gt;Hana &Scaron;i&scaron;ka Kol&aacute;\u0159ov&aacute;&lt;\/a&gt; &lt;a href=&quot;https:\/\/bal-v-lapaku.cz\/galerie\/index.php?\/tags\/nizke_tatry&quot;&gt;N&iacute;zk&eacute; Tatry&lt;\/a&gt; 30.4.1978 00:00 Foto: Milan Medv\u011bd Kol&aacute;\u0159&lt;a download=&quot;&quot; href=https:\/\/bal-v-lapaku.cz\/galerie\/upload\/2024\/12\/23\/20241223000921-bee0500f.jpg target=&quot;_blank&quot; title=&quot;St&aacute;hnout origin&aacute;l&quot; class=&quot;stahnout&quot;&gt;&lt;img src=&quot;\/fotky\/themes\/bootstrap_darkroom\/img\/sipka_stahni.svg&quot;&gt; st&aacute;hnout&lt;\/a&gt;' data-original='https:\/\/bal-v-lapaku.cz\/galerie\/upload\/2024\/12\/23\/20241223000921-bee0500f.jpg' href='https:\/\/bal-v-lapaku.cz\/galerie\/i.php?\/upload\/2024\/12\/23\/20241223000921-bee0500f-xl.jpg' title='30.4.1978 00:00 Foto: Milan Medv\u011bd Kol\u00e1\u0159'  data-fancybox='gallery' class='posledni'><img src='https:\/\/bal-v-lapaku.cz\/galerie\/i.php?\/upload\/2024\/12\/23\/20241223000921-bee0500f-th.jpg' alt='30.4.1978 00:00 Foto: Milan Medv\u011bd Kol\u00e1\u0159' style='height:100px;' class='galerie_tb'><div class='zbytek_fotek1'>+ 6<\/div><\/a>\r\n<a data-caption='&lt;a href=&quot;https:\/\/bal-v-lapaku.cz\/galerie\/index.php?\/tags\/hana_siska_kolarova&quot;&gt;Hana &Scaron;i&scaron;ka Kol&aacute;\u0159ov&aacute;&lt;\/a&gt; &lt;a href=&quot;https:\/\/bal-v-lapaku.cz\/galerie\/index.php?\/tags\/nizke_tatry&quot;&gt;N&iacute;zk&eacute; Tatry&lt;\/a&gt; 30.4.1978 00:00 Foto: Milan Medv\u011bd Kol&aacute;\u0159&lt;a download=&quot;&quot; href=https:\/\/bal-v-lapaku.cz\/galerie\/upload\/2024\/12\/23\/20241223000926-2e886aac.jpg target=&quot;_blank&quot; title=&quot;St&aacute;hnout origin&aacute;l&quot; class=&quot;stahnout&quot;&gt;&lt;img src=&quot;\/fotky\/themes\/bootstrap_darkroom\/img\/sipka_stahni.svg&quot;&gt; st&aacute;hnout&lt;\/a&gt;' data-original='https:\/\/bal-v-lapaku.cz\/galerie\/upload\/2024\/12\/23\/20241223000926-2e886aac.jpg' href='https:\/\/bal-v-lapaku.cz\/galerie\/i.php?\/upload\/2024\/12\/23\/20241223000926-2e886aac-xl.jpg' title='30.4.1978 00:00 Foto: Milan Medv\u011bd Kol\u00e1\u0159'  data-fancybox='gallery' class=''><img src='https:\/\/bal-v-lapaku.cz\/galerie\/i.php?\/upload\/2024\/12\/23\/20241223000926-2e886aac-th.jpg' style='display:none !important; width: 0px; height: 0px;'><\/a>\r\n<a data-caption='&lt;a href=&quot;https:\/\/bal-v-lapaku.cz\/galerie\/index.php?\/tags\/hana_siska_kolarova&quot;&gt;Hana &Scaron;i&scaron;ka Kol&aacute;\u0159ov&aacute;&lt;\/a&gt; &lt;a href=&quot;https:\/\/bal-v-lapaku.cz\/galerie\/index.php?\/tags\/lidka_konvalinkova&quot;&gt;Lidka Konvalinkov&aacute;&lt;\/a&gt; &lt;a href=&quot;https:\/\/bal-v-lapaku.cz\/galerie\/index.php?\/tags\/vera_svika_nemcanska&quot;&gt;V\u011bra &Scaron;v&iacute;ka N\u011bm\u010dansk&aacute;&lt;\/a&gt; &lt;a href=&quot;https:\/\/bal-v-lapaku.cz\/galerie\/index.php?\/tags\/dada_ettlerova&quot;&gt;Dada Ettlerov&aacute;&lt;\/a&gt; &lt;a href=&quot;https:\/\/bal-v-lapaku.cz\/galerie\/index.php?\/tags\/lubos_lobo_kujinek&quot;&gt;Lubo&scaron; Lobo Kuj&iacute;nek&lt;\/a&gt; &lt;a href=&quot;https:\/\/bal-v-lapaku.cz\/galerie\/index.php?\/tags\/zdenek_zabak_ettler&quot;&gt;Zden\u011bk \u017dab&aacute;k Ettler&lt;\/a&gt; &lt;a href=&quot;https:\/\/bal-v-lapaku.cz\/galerie\/index.php?\/tags\/nizke_tatry&quot;&gt;N&iacute;zk&eacute; Tatry&lt;\/a&gt; 30.4.1978 00:00 Foto: Milan Medv\u011bd Kol&aacute;\u0159&lt;a download=&quot;&quot; href=https:\/\/bal-v-lapaku.cz\/galerie\/upload\/2024\/12\/23\/20241223000932-d0b2b9ca.jpg target=&quot;_blank&quot; title=&quot;St&aacute;hnout origin&aacute;l&quot; class=&quot;stahnout&quot;&gt;&lt;img src=&quot;\/fotky\/themes\/bootstrap_darkroom\/img\/sipka_stahni.svg&quot;&gt; st&aacute;hnout&lt;\/a&gt;' data-original='https:\/\/bal-v-lapaku.cz\/galerie\/upload\/2024\/12\/23\/20241223000932-d0b2b9ca.jpg' href='https:\/\/bal-v-lapaku.cz\/galerie\/i.php?\/upload\/2024\/12\/23\/20241223000932-d0b2b9ca-xl.jpg' title='30.4.1978 00:00 Foto: Milan Medv\u011bd Kol\u00e1\u0159'  data-fancybox='gallery' class=''><img src='https:\/\/bal-v-lapaku.cz\/galerie\/i.php?\/upload\/2024\/12\/23\/20241223000932-d0b2b9ca-th.jpg' style='display:none !important; width: 0px; height: 0px;'><\/a>\r\n<a data-caption='&lt;a href=&quot;https:\/\/bal-v-lapaku.cz\/galerie\/index.php?\/tags\/hana_siska_kolarova&quot;&gt;Hana &Scaron;i&scaron;ka Kol&aacute;\u0159ov&aacute;&lt;\/a&gt; &lt;a href=&quot;https:\/\/bal-v-lapaku.cz\/galerie\/index.php?\/tags\/nizke_tatry&quot;&gt;N&iacute;zk&eacute; Tatry&lt;\/a&gt; 30.4.1978 00:00 Foto: Milan Medv\u011bd Kol&aacute;\u0159&lt;a download=&quot;&quot; href=https:\/\/bal-v-lapaku.cz\/galerie\/upload\/2024\/12\/23\/20241223000932-5995c808.jpg target=&quot;_blank&quot; title=&quot;St&aacute;hnout origin&aacute;l&quot; class=&quot;stahnout&quot;&gt;&lt;img src=&quot;\/fotky\/themes\/bootstrap_darkroom\/img\/sipka_stahni.svg&quot;&gt; st&aacute;hnout&lt;\/a&gt;' data-original='https:\/\/bal-v-lapaku.cz\/galerie\/upload\/2024\/12\/23\/20241223000932-5995c808.jpg' href='https:\/\/bal-v-lapaku.cz\/galerie\/i.php?\/upload\/2024\/12\/23\/20241223000932-5995c808-xl.jpg' title='30.4.1978 00:00 Foto: Milan Medv\u011bd Kol\u00e1\u0159'  data-fancybox='gallery' class=''><img src='https:\/\/bal-v-lapaku.cz\/galerie\/i.php?\/upload\/2024\/12\/23\/20241223000932-5995c808-th.jpg' style='display:none !important; width: 0px; height: 0px;'><\/a>\r\n<a data-caption='&lt;a href=&quot;https:\/\/bal-v-lapaku.cz\/galerie\/index.php?\/tags\/hana_siska_kolarova&quot;&gt;Hana &Scaron;i&scaron;ka Kol&aacute;\u0159ov&aacute;&lt;\/a&gt; &lt;a href=&quot;https:\/\/bal-v-lapaku.cz\/galerie\/index.php?\/tags\/nizke_tatry&quot;&gt;N&iacute;zk&eacute; Tatry&lt;\/a&gt; 30.4.1978 00:00 Foto: Milan Medv\u011bd Kol&aacute;\u0159&lt;a download=&quot;&quot; href=https:\/\/bal-v-lapaku.cz\/galerie\/upload\/2024\/12\/23\/20241223000934-497c628b.jpg target=&quot;_blank&quot; title=&quot;St&aacute;hnout origin&aacute;l&quot; class=&quot;stahnout&quot;&gt;&lt;img src=&quot;\/fotky\/themes\/bootstrap_darkroom\/img\/sipka_stahni.svg&quot;&gt; st&aacute;hnout&lt;\/a&gt;' data-original='https:\/\/bal-v-lapaku.cz\/galerie\/upload\/2024\/12\/23\/20241223000934-497c628b.jpg' href='https:\/\/bal-v-lapaku.cz\/galerie\/i.php?\/upload\/2024\/12\/23\/20241223000934-497c628b-xl.jpg' title='30.4.1978 00:00 Foto: Milan Medv\u011bd Kol\u00e1\u0159'  data-fancybox='gallery' class=''><img src='https:\/\/bal-v-lapaku.cz\/galerie\/i.php?\/upload\/2024\/12\/23\/20241223000934-497c628b-th.jpg' style='display:none !important; width: 0px; height: 0px;'><\/a>\r\n<a data-caption='&lt;a href=&quot;https:\/\/bal-v-lapaku.cz\/galerie\/index.php?\/tags\/hana_siska_kolarova&quot;&gt;Hana &Scaron;i&scaron;ka Kol&aacute;\u0159ov&aacute;&lt;\/a&gt; &lt;a href=&quot;https:\/\/bal-v-lapaku.cz\/galerie\/index.php?\/tags\/lidka_konvalinkova&quot;&gt;Lidka Konvalinkov&aacute;&lt;\/a&gt; &lt;a href=&quot;https:\/\/bal-v-lapaku.cz\/galerie\/index.php?\/tags\/vera_svika_nemcanska&quot;&gt;V\u011bra &Scaron;v&iacute;ka N\u011bm\u010dansk&aacute;&lt;\/a&gt; &lt;a href=&quot;https:\/\/bal-v-lapaku.cz\/galerie\/index.php?\/tags\/dada_ettlerova&quot;&gt;Dada Ettlerov&aacute;&lt;\/a&gt; &lt;a href=&quot;https:\/\/bal-v-lapaku.cz\/galerie\/index.php?\/tags\/lubos_lobo_kujinek&quot;&gt;Lubo&scaron; Lobo Kuj&iacute;nek&lt;\/a&gt; &lt;a href=&quot;https:\/\/bal-v-lapaku.cz\/galerie\/index.php?\/tags\/zdenek_zabak_ettler&quot;&gt;Zden\u011bk \u017dab&aacute;k Ettler&lt;\/a&gt; &lt;a href=&quot;https:\/\/bal-v-lapaku.cz\/galerie\/index.php?\/tags\/nizke_tatry&quot;&gt;N&iacute;zk&eacute; Tatry&lt;\/a&gt; 30.4.1978 00:00 Foto: Milan Medv\u011bd Kol&aacute;\u0159&lt;a download=&quot;&quot; href=https:\/\/bal-v-lapaku.cz\/galerie\/upload\/2024\/12\/23\/20241223000936-d9b5b967.jpg target=&quot;_blank&quot; title=&quot;St&aacute;hnout origin&aacute;l&quot; class=&quot;stahnout&quot;&gt;&lt;img src=&quot;\/fotky\/themes\/bootstrap_darkroom\/img\/sipka_stahni.svg&quot;&gt; st&aacute;hnout&lt;\/a&gt;' data-original='https:\/\/bal-v-lapaku.cz\/galerie\/upload\/2024\/12\/23\/20241223000936-d9b5b967.jpg' href='https:\/\/bal-v-lapaku.cz\/galerie\/i.php?\/upload\/2024\/12\/23\/20241223000936-d9b5b967-xl.jpg' title='30.4.1978 00:00 Foto: Milan Medv\u011bd Kol\u00e1\u0159'  data-fancybox='gallery' class=''><img src='https:\/\/bal-v-lapaku.cz\/galerie\/i.php?\/upload\/2024\/12\/23\/20241223000936-d9b5b967-th.jpg' style='display:none !important; width: 0px; height: 0px;'><\/a>\r\n<a data-caption='&lt;a href=&quot;https:\/\/bal-v-lapaku.cz\/galerie\/index.php?\/tags\/hana_siska_kolarova&quot;&gt;Hana &Scaron;i&scaron;ka Kol&aacute;\u0159ov&aacute;&lt;\/a&gt; &lt;a href=&quot;https:\/\/bal-v-lapaku.cz\/galerie\/index.php?\/tags\/lidka_konvalinkova&quot;&gt;Lidka Konvalinkov&aacute;&lt;\/a&gt; &lt;a href=&quot;https:\/\/bal-v-lapaku.cz\/galerie\/index.php?\/tags\/vera_svika_nemcanska&quot;&gt;V\u011bra &Scaron;v&iacute;ka N\u011bm\u010dansk&aacute;&lt;\/a&gt; &lt;a href=&quot;https:\/\/bal-v-lapaku.cz\/galerie\/index.php?\/tags\/adam_ladra&quot;&gt;Adam Ladra&lt;\/a&gt; &lt;a href=&quot;https:\/\/bal-v-lapaku.cz\/galerie\/index.php?\/tags\/dada_ettlerova&quot;&gt;Dada Ettlerov&aacute;&lt;\/a&gt; &lt;a href=&quot;https:\/\/bal-v-lapaku.cz\/galerie\/index.php?\/tags\/lubos_lobo_kujinek&quot;&gt;Lubo&scaron; Lobo Kuj&iacute;nek&lt;\/a&gt; &lt;a href=&quot;https:\/\/bal-v-lapaku.cz\/galerie\/index.php?\/tags\/zdenek_zabak_ettler&quot;&gt;Zden\u011bk \u017dab&aacute;k Ettler&lt;\/a&gt; &lt;a href=&quot;https:\/\/bal-v-lapaku.cz\/galerie\/index.php?\/tags\/nizke_tatry&quot;&gt;N&iacute;zk&eacute; Tatry&lt;\/a&gt; 30.4.1978 00:00 Foto: Milan Medv\u011bd Kol&aacute;\u0159&lt;a download=&quot;&quot; href=https:\/\/bal-v-lapaku.cz\/galerie\/upload\/2024\/12\/23\/20241223000938-6e145fc1.jpg target=&quot;_blank&quot; title=&quot;St&aacute;hnout origin&aacute;l&quot; class=&quot;stahnout&quot;&gt;&lt;img src=&quot;\/fotky\/themes\/bootstrap_darkroom\/img\/sipka_stahni.svg&quot;&gt; st&aacute;hnout&lt;\/a&gt;' data-original='https:\/\/bal-v-lapaku.cz\/galerie\/upload\/2024\/12\/23\/20241223000938-6e145fc1.jpg' href='https:\/\/bal-v-lapaku.cz\/galerie\/i.php?\/upload\/2024\/12\/23\/20241223000938-6e145fc1-xl.jpg' title='30.4.1978 00:00 Foto: Milan Medv\u011bd Kol\u00e1\u0159'  data-fancybox='gallery' class=''><img src='https:\/\/bal-v-lapaku.cz\/galerie\/i.php?\/upload\/2024\/12\/23\/20241223000938-6e145fc1-th.jpg' style='display:none !important; width: 0px; height: 0px;'><\/a>\r\n<\/div><\/div>\r\n\t<script src=\"\/includes\/jquery.collagePlus.min.js\"><\/script>\r\n\t<script src=\"\/includes\/jquery.removeWhitespace.min.js\"><\/script>\r\n\t<script>\r\n\t   function collage() {\r\n\t\t\tjQuery(\".collage\").css(\"background\", \"none\");\t\t\t\r\n\t\t\tjQuery( \".galerie_tb\" ).fadeTo( \"slow\" , 1, function() {\r\n\t\t\t\/\/ Animation complete.\r\n\t\t\t});\r\n\t\t\t\/* postupn\u011b\r\n\t\t\tjQuery(\".galerie_tb\").each(function(i) {\r\n\t\t\tvar initialDelay = i * 50;\r\n\t\t\t\tjQuery(this).delay(initialDelay).fadeTo( \"slow\" , 1, function() {\r\n\t\t\t\t\/\/ Animation complete.\r\n\t\t\t\t});\r\n\t\t\t});\r\n\t\t\t*\/\r\n\t\t\tjQuery(\".zbytek_fotek1\").css(\"opacity\", \"100%\");\r\n\t\t\tjQuery(\".collage\").removeWhitespace().collagePlus(\r\n\t\t\t\t{\r\n\t\t\t\t\t\"fadeSpeed\"     : 200,\r\n\t\t\t\t\t\"allowPartialLastRow\": true,\r\n\t\t\t\t\t\"targetHeight\"  : 100\r\n\t\t\t\t}\r\n\t\t\t);\r\n\t\t};\r\n\r\n\r\n\t\t\r\n\tjQuery(window).load(function () {\r\n\t jQuery(document).ready(function(){\r\n\t\t\t\tcollage();           \r\n\t\t\t});\r\n\t});\r\n\t var resizeTimer = null;\r\n\t\tjQuery(window).bind(\"resize\", function() {        \r\n\t\t\tif (resizeTimer) clearTimeout(resizeTimer);\r\n\t\t\tresizeTimer = setTimeout(collage, 200);\r\n\t\t});\r\n\t<\/script>\n<\/div>\n<\/div>\n<\/div>\n\n\n\n<div class=\"wp-block-column foto-sloupec is-layout-flow wp-block-column-is-layout-flow\">\n<figure class=\"wp-block-image aligncenter size-large\"><a href=\"https:\/\/bal-v-lapaku.cz\/galerie\/_data\/i\/upload\/2024\/12\/23\/20241223000907-6683f930-xl.jpg\"><img decoding=\"async\" src=\"https:\/\/bal-v-lapaku.cz\/galerie\/_data\/i\/upload\/2024\/12\/23\/20241223000907-6683f930-xl.jpg\" alt=\"\" style=\"object-fit:cover\" title=\"\u0160i\u0161ka s krosnou p\u0159ed chatou\"\/><\/a><\/figure>\n<\/div>\n<\/div>\n","protected":false},"excerpt":{"rendered":"<p>1977 \u2013 1978 Z vojny m\u011b pou\u0161t\u011bli jen v\u00fdjime\u010dn\u011b. N\u011bjak se mi poda\u0159ilo p\u0159ijet na na\u0161e tradi\u010dn\u00ed trampsk\u00e9 setk\u00e1n\u00ed Potl\u00e1\u0161ek, kter\u00e9 jsme m\u00edvali v Zelen\u00e9m \u00fadol\u00ed nad Bransouzema. A potom bylo skv\u011bl\u00e9, \u017ee jsem mohl jet v dubnu 1978 na velkej vandr s kamar\u00e1dama do N\u00edzk\u00fdch Tater. Byli jsme tam spole\u010dn\u011b n\u011bkolik dn\u00ed a u\u017eili [&hellip;]<\/p>\n","protected":false},"author":1,"featured_media":1816,"comment_status":"open","ping_status":"open","sticky":false,"template":"i-ka-p-sp-vky","format":"standard","meta":{"fifu_image_url":"https:\/\/bal-v-lapaku.cz\/galerie\/i.php?\/upload\/2024\/12\/23\/20241223000907-6683f930-th.jpg","fifu_image_alt":"","footnotes":""},"categories":[2],"tags":[],"class_list":["post-1427","post","type-post","status-publish","format-standard","has-post-thumbnail","hentry","category-siska"],"_links":{"self":[{"href":"https:\/\/kolarovi.rohozna.net\/wp\/wp-json\/wp\/v2\/posts\/1427","targetHints":{"allow":["GET"]}}],"collection":[{"href":"https:\/\/kolarovi.rohozna.net\/wp\/wp-json\/wp\/v2\/posts"}],"about":[{"href":"https:\/\/kolarovi.rohozna.net\/wp\/wp-json\/wp\/v2\/types\/post"}],"author":[{"embeddable":true,"href":"https:\/\/kolarovi.rohozna.net\/wp\/wp-json\/wp\/v2\/users\/1"}],"replies":[{"embeddable":true,"href":"https:\/\/kolarovi.rohozna.net\/wp\/wp-json\/wp\/v2\/comments?post=1427"}],"version-history":[{"count":15,"href":"https:\/\/kolarovi.rohozna.net\/wp\/wp-json\/wp\/v2\/posts\/1427\/revisions"}],"predecessor-version":[{"id":2240,"href":"https:\/\/kolarovi.rohozna.net\/wp\/wp-json\/wp\/v2\/posts\/1427\/revisions\/2240"}],"wp:featuredmedia":[{"embeddable":true,"href":"https:\/\/kolarovi.rohozna.net\/wp\/wp-json\/wp\/v2\/media\/1816"}],"wp:attachment":[{"href":"https:\/\/kolarovi.rohozna.net\/wp\/wp-json\/wp\/v2\/media?parent=1427"}],"wp:term":[{"taxonomy":"category","embeddable":true,"href":"https:\/\/kolarovi.rohozna.net\/wp\/wp-json\/wp\/v2\/categories?post=1427"},{"taxonomy":"post_tag","embeddable":true,"href":"https:\/\/kolarovi.rohozna.net\/wp\/wp-json\/wp\/v2\/tags?post=1427"}],"curies":[{"name":"wp","href":"https:\/\/api.w.org\/{rel}","templated":true}]}}