{"id":1513,"date":"1977-07-24T15:02:31","date_gmt":"1977-07-24T14:02:31","guid":{"rendered":"https:\/\/kolarovi.rohozna.net\/wp\/?p=1513"},"modified":"2026-04-23T13:10:38","modified_gmt":"2026-04-23T11:10:38","slug":"maly-princ","status":"publish","type":"post","link":"https:\/\/kolarovi.rohozna.net\/wp\/siska\/maly-princ","title":{"rendered":"Mal\u00fd princ"},"content":{"rendered":"\n<h4 class=\"wp-block-heading has-text-align-center datumovka has-large-font-size\">1977<\/h4>\n\n\n\n<div class=\"wp-block-columns is-layout-flex wp-container-core-columns-is-layout-28f84493 wp-block-columns-is-layout-flex\">\n<div class=\"wp-block-column text-sloupec is-layout-flow wp-block-column-is-layout-flow\">\n<div class=\"wp-block-group text-sloupec is-vertical is-layout-flex wp-container-core-group-is-layout-fe9cc265 wp-block-group-is-layout-flex\">\n<p>Za zvl\u00e1\u0161tn\u00ed zm\u00ednku stoj\u00ed na\u0161e snaha hr\u00e1t si na trampu divadlo. Hr\u00e1li jsem si tak Werichovo Fimf\u00e1rum ve sn\u011bhu u ohn\u011b n\u011bkde u T\u0159ech Studn\u00ed ve \u017d\u010f\u00e1rsk\u00fdch vr\u0161\u00edch a vysnili jsme si, \u017ee si v n\u011bjak\u00e9 p\u00edskovn\u011b v \u010cesk\u00e9m R\u00e1ji zahrajeme Mal\u00e9ho prince. Jen tak sami pro sebe. <a href=\"https:\/\/bal-v-lapaku.cz\/galerie\/index.php\/tags\/236-maly_princ\/3-hana_siska_kolarova\">\u0160i\u0161ka byla Mal\u00fdm princem<\/a>, bylo j\u00ed 22 let a bylo to cel\u00e9 p\u0159ekr\u00e1sn\u00fdm celo\u017eivotn\u00edm z\u00e1\u017eitkem. Takov\u00e9 trampov\u00e1n\u00edm s luxusn\u00ed n\u00e1pln\u00ed.<br><\/p>\n\n\n\n<div class=\"wp-block-group wp-container-content-9cfa9a5a is-vertical is-layout-flex wp-container-core-group-is-layout-fed7e1b2 wp-block-group-is-layout-flex\"><div class=\"galerie_fotek alignwide\">\r\n\t<h2>Galerie<\/h2>\r\n\t<div class=\"collage\"><a data-caption='&lt;a href=&quot;https:\/\/bal-v-lapaku.cz\/galerie\/index.php?\/tags\/hana_siska_kolarova&quot;&gt;Hana &Scaron;i&scaron;ka Kol&aacute;\u0159ov&aacute;&lt;\/a&gt; &lt;a href=&quot;https:\/\/bal-v-lapaku.cz\/galerie\/index.php?\/tags\/kronika&quot;&gt;kronika&lt;\/a&gt; &lt;a href=&quot;https:\/\/bal-v-lapaku.cz\/galerie\/index.php?\/tags\/maly_princ&quot;&gt;Mal&yacute; princ&lt;\/a&gt; &lt;a href=&quot;https:\/\/bal-v-lapaku.cz\/galerie\/index.php?\/tags\/piskovna_pod_bezdezem&quot;&gt;p&iacute;skovna pod Bezd\u011bzem&lt;\/a&gt; 24.7.1977 00:00&lt;a download=&quot;&quot; href=https:\/\/bal-v-lapaku.cz\/galerie\/upload\/2025\/01\/14\/20250114194607-7dff3df7.jpg target=&quot;_blank&quot; title=&quot;St&aacute;hnout origin&aacute;l&quot; class=&quot;stahnout&quot;&gt;&lt;img src=&quot;\/fotky\/themes\/bootstrap_darkroom\/img\/sipka_stahni.svg&quot;&gt; st&aacute;hnout&lt;\/a&gt;' data-original='https:\/\/bal-v-lapaku.cz\/galerie\/upload\/2025\/01\/14\/20250114194607-7dff3df7.jpg' href='https:\/\/bal-v-lapaku.cz\/galerie\/i.php?\/upload\/2025\/01\/14\/20250114194607-7dff3df7-xl.jpg' title='24.7.1977 00:00'  data-fancybox='gallery' class=''><img src='https:\/\/bal-v-lapaku.cz\/galerie\/i.php?\/upload\/2025\/01\/14\/20250114194607-7dff3df7-th.jpg' alt='24.7.1977 00:00' style='height:100px;' class='galerie_tb'><\/a>\r\n<a data-caption='&lt;a href=&quot;https:\/\/bal-v-lapaku.cz\/galerie\/index.php?\/tags\/hana_siska_kolarova&quot;&gt;Hana &Scaron;i&scaron;ka Kol&aacute;\u0159ov&aacute;&lt;\/a&gt; &lt;a href=&quot;https:\/\/bal-v-lapaku.cz\/galerie\/index.php?\/tags\/milan_medved_kolar&quot;&gt;Milan Medv\u011bd Kol&aacute;\u0159&lt;\/a&gt; &lt;a href=&quot;https:\/\/bal-v-lapaku.cz\/galerie\/index.php?\/tags\/kronika&quot;&gt;kronika&lt;\/a&gt; &lt;a href=&quot;https:\/\/bal-v-lapaku.cz\/galerie\/index.php?\/tags\/maly_princ&quot;&gt;Mal&yacute; princ&lt;\/a&gt; &lt;a href=&quot;https:\/\/bal-v-lapaku.cz\/galerie\/index.php?\/tags\/piskovna_pod_bezdezem&quot;&gt;p&iacute;skovna pod Bezd\u011bzem&lt;\/a&gt; 24.7.1977 00:00&lt;a download=&quot;&quot; href=https:\/\/bal-v-lapaku.cz\/galerie\/upload\/2025\/01\/14\/20250114194607-ff21ce63.jpg target=&quot;_blank&quot; title=&quot;St&aacute;hnout origin&aacute;l&quot; class=&quot;stahnout&quot;&gt;&lt;img src=&quot;\/fotky\/themes\/bootstrap_darkroom\/img\/sipka_stahni.svg&quot;&gt; st&aacute;hnout&lt;\/a&gt;' data-original='https:\/\/bal-v-lapaku.cz\/galerie\/upload\/2025\/01\/14\/20250114194607-ff21ce63.jpg' href='https:\/\/bal-v-lapaku.cz\/galerie\/i.php?\/upload\/2025\/01\/14\/20250114194607-ff21ce63-xl.jpg' title='24.7.1977 00:00'  data-fancybox='gallery' class=''><img src='https:\/\/bal-v-lapaku.cz\/galerie\/i.php?\/upload\/2025\/01\/14\/20250114194607-ff21ce63-th.jpg' alt='24.7.1977 00:00' style='height:100px;' class='galerie_tb'><\/a>\r\n<a data-caption='&lt;a href=&quot;https:\/\/bal-v-lapaku.cz\/galerie\/index.php?\/tags\/hana_siska_kolarova&quot;&gt;Hana &Scaron;i&scaron;ka Kol&aacute;\u0159ov&aacute;&lt;\/a&gt; &lt;a href=&quot;https:\/\/bal-v-lapaku.cz\/galerie\/index.php?\/tags\/milan_medved_kolar&quot;&gt;Milan Medv\u011bd Kol&aacute;\u0159&lt;\/a&gt; &lt;a href=&quot;https:\/\/bal-v-lapaku.cz\/galerie\/index.php?\/tags\/kronika&quot;&gt;kronika&lt;\/a&gt; &lt;a href=&quot;https:\/\/bal-v-lapaku.cz\/galerie\/index.php?\/tags\/maly_princ&quot;&gt;Mal&yacute; princ&lt;\/a&gt; &lt;a href=&quot;https:\/\/bal-v-lapaku.cz\/galerie\/index.php?\/tags\/piskovna_pod_bezdezem&quot;&gt;p&iacute;skovna pod Bezd\u011bzem&lt;\/a&gt; 24.7.1977 00:00&lt;a download=&quot;&quot; href=https:\/\/bal-v-lapaku.cz\/galerie\/upload\/2025\/01\/14\/20250114194608-7f8c1c32.jpg target=&quot;_blank&quot; title=&quot;St&aacute;hnout origin&aacute;l&quot; class=&quot;stahnout&quot;&gt;&lt;img src=&quot;\/fotky\/themes\/bootstrap_darkroom\/img\/sipka_stahni.svg&quot;&gt; st&aacute;hnout&lt;\/a&gt;' data-original='https:\/\/bal-v-lapaku.cz\/galerie\/upload\/2025\/01\/14\/20250114194608-7f8c1c32.jpg' href='https:\/\/bal-v-lapaku.cz\/galerie\/i.php?\/upload\/2025\/01\/14\/20250114194608-7f8c1c32-xl.jpg' title='24.7.1977 00:00'  data-fancybox='gallery' class=''><img src='https:\/\/bal-v-lapaku.cz\/galerie\/i.php?\/upload\/2025\/01\/14\/20250114194608-7f8c1c32-th.jpg' alt='24.7.1977 00:00' style='height:100px;' class='galerie_tb'><\/a>\r\n<a data-caption='&lt;a href=&quot;https:\/\/bal-v-lapaku.cz\/galerie\/index.php?\/tags\/hana_siska_kolarova&quot;&gt;Hana &Scaron;i&scaron;ka Kol&aacute;\u0159ov&aacute;&lt;\/a&gt; &lt;a href=&quot;https:\/\/bal-v-lapaku.cz\/galerie\/index.php?\/tags\/kronika&quot;&gt;kronika&lt;\/a&gt; &lt;a href=&quot;https:\/\/bal-v-lapaku.cz\/galerie\/index.php?\/tags\/maly_princ&quot;&gt;Mal&yacute; princ&lt;\/a&gt; &lt;a href=&quot;https:\/\/bal-v-lapaku.cz\/galerie\/index.php?\/tags\/piskovna_pod_bezdezem&quot;&gt;p&iacute;skovna pod Bezd\u011bzem&lt;\/a&gt; 24.7.1977 00:00&lt;a download=&quot;&quot; href=https:\/\/bal-v-lapaku.cz\/galerie\/upload\/2025\/01\/14\/20250114194609-57f96d5e.jpg target=&quot;_blank&quot; title=&quot;St&aacute;hnout origin&aacute;l&quot; class=&quot;stahnout&quot;&gt;&lt;img src=&quot;\/fotky\/themes\/bootstrap_darkroom\/img\/sipka_stahni.svg&quot;&gt; st&aacute;hnout&lt;\/a&gt;' data-original='https:\/\/bal-v-lapaku.cz\/galerie\/upload\/2025\/01\/14\/20250114194609-57f96d5e.jpg' href='https:\/\/bal-v-lapaku.cz\/galerie\/i.php?\/upload\/2025\/01\/14\/20250114194609-57f96d5e-xl.jpg' title='24.7.1977 00:00'  data-fancybox='gallery' class=''><img src='https:\/\/bal-v-lapaku.cz\/galerie\/i.php?\/upload\/2025\/01\/14\/20250114194609-57f96d5e-th.jpg' alt='24.7.1977 00:00' style='height:100px;' class='galerie_tb'><\/a>\r\n<a data-caption='&lt;a href=&quot;https:\/\/bal-v-lapaku.cz\/galerie\/index.php?\/tags\/hana_siska_kolarova&quot;&gt;Hana &Scaron;i&scaron;ka Kol&aacute;\u0159ov&aacute;&lt;\/a&gt; &lt;a href=&quot;https:\/\/bal-v-lapaku.cz\/galerie\/index.php?\/tags\/kronika&quot;&gt;kronika&lt;\/a&gt; &lt;a href=&quot;https:\/\/bal-v-lapaku.cz\/galerie\/index.php?\/tags\/maly_princ&quot;&gt;Mal&yacute; princ&lt;\/a&gt; &lt;a href=&quot;https:\/\/bal-v-lapaku.cz\/galerie\/index.php?\/tags\/piskovna_pod_bezdezem&quot;&gt;p&iacute;skovna pod Bezd\u011bzem&lt;\/a&gt; 24.7.1977 00:00 Foto: Milan Kol&aacute;&oslash;&lt;a download=&quot;&quot; href=https:\/\/bal-v-lapaku.cz\/galerie\/upload\/2025\/01\/14\/20250114194609-1c5ba9ca.jpg target=&quot;_blank&quot; title=&quot;St&aacute;hnout origin&aacute;l&quot; class=&quot;stahnout&quot;&gt;&lt;img src=&quot;\/fotky\/themes\/bootstrap_darkroom\/img\/sipka_stahni.svg&quot;&gt; st&aacute;hnout&lt;\/a&gt;' data-original='https:\/\/bal-v-lapaku.cz\/galerie\/upload\/2025\/01\/14\/20250114194609-1c5ba9ca.jpg' href='https:\/\/bal-v-lapaku.cz\/galerie\/i.php?\/upload\/2025\/01\/14\/20250114194609-1c5ba9ca-xl.jpg' title='24.7.1977 00:00 Foto: Milan Kol\u00e1\u00f8'  data-fancybox='gallery' class=''><img src='https:\/\/bal-v-lapaku.cz\/galerie\/i.php?\/upload\/2025\/01\/14\/20250114194609-1c5ba9ca-th.jpg' alt='24.7.1977 00:00 Foto: Milan Kol\u00e1\u00f8' style='height:100px;' class='galerie_tb'><\/a>\r\n<a data-caption='&lt;a href=&quot;https:\/\/bal-v-lapaku.cz\/galerie\/index.php?\/tags\/hana_siska_kolarova&quot;&gt;Hana &Scaron;i&scaron;ka Kol&aacute;\u0159ov&aacute;&lt;\/a&gt; &lt;a href=&quot;https:\/\/bal-v-lapaku.cz\/galerie\/index.php?\/tags\/milan_medved_kolar&quot;&gt;Milan Medv\u011bd Kol&aacute;\u0159&lt;\/a&gt; &lt;a href=&quot;https:\/\/bal-v-lapaku.cz\/galerie\/index.php?\/tags\/fanda_nekvasilova&quot;&gt;Fanda Nekvasilov&aacute;&lt;\/a&gt; &lt;a href=&quot;https:\/\/bal-v-lapaku.cz\/galerie\/index.php?\/tags\/karel_klaus_schneider&quot;&gt;Karel Klaus Schneider&lt;\/a&gt; &lt;a href=&quot;https:\/\/bal-v-lapaku.cz\/galerie\/index.php?\/tags\/lubos_lobo_kujinek&quot;&gt;Lubo&scaron; Lobo Kuj&iacute;nek&lt;\/a&gt; &lt;a href=&quot;https:\/\/bal-v-lapaku.cz\/galerie\/index.php?\/tags\/helena_nejedla&quot;&gt;Helena Nejedl&aacute;&lt;\/a&gt; &lt;a href=&quot;https:\/\/bal-v-lapaku.cz\/galerie\/index.php?\/tags\/honza_florian&quot;&gt;Honza Flori&aacute;n&lt;\/a&gt; &lt;a href=&quot;https:\/\/bal-v-lapaku.cz\/galerie\/index.php?\/tags\/vladimir_cmoudy_rybicka&quot;&gt;Vladim&iacute;r \u010cmoudy Rybi\u010dka&lt;\/a&gt; &lt;a href=&quot;https:\/\/bal-v-lapaku.cz\/galerie\/index.php?\/tags\/kyda&quot;&gt;K&yacute;\u010fa&lt;\/a&gt; &lt;a href=&quot;https:\/\/bal-v-lapaku.cz\/galerie\/index.php?\/tags\/maly_princ&quot;&gt;Mal&yacute; princ&lt;\/a&gt; &lt;a href=&quot;https:\/\/bal-v-lapaku.cz\/galerie\/index.php?\/tags\/piskovna_pod_bezdezem&quot;&gt;p&iacute;skovna pod Bezd\u011bzem&lt;\/a&gt; 24.7.1977 00:00&lt;a download=&quot;&quot; href=https:\/\/bal-v-lapaku.cz\/galerie\/upload\/2025\/01\/14\/20250114194610-fbbc1879.jpg target=&quot;_blank&quot; title=&quot;St&aacute;hnout origin&aacute;l&quot; class=&quot;stahnout&quot;&gt;&lt;img src=&quot;\/fotky\/themes\/bootstrap_darkroom\/img\/sipka_stahni.svg&quot;&gt; st&aacute;hnout&lt;\/a&gt;' data-original='https:\/\/bal-v-lapaku.cz\/galerie\/upload\/2025\/01\/14\/20250114194610-fbbc1879.jpg' href='https:\/\/bal-v-lapaku.cz\/galerie\/i.php?\/upload\/2025\/01\/14\/20250114194610-fbbc1879-xl.jpg' title='24.7.1977 00:00'  data-fancybox='gallery' class=''><img src='https:\/\/bal-v-lapaku.cz\/galerie\/i.php?\/upload\/2025\/01\/14\/20250114194610-fbbc1879-th.jpg' alt='24.7.1977 00:00' style='height:100px;' class='galerie_tb'><\/a>\r\n<a data-caption='&lt;a href=&quot;https:\/\/bal-v-lapaku.cz\/galerie\/index.php?\/tags\/zdenek_kel_kopulety&quot;&gt;Zden\u011bk Kel Kopulet&yacute;&lt;\/a&gt; &lt;a href=&quot;https:\/\/bal-v-lapaku.cz\/galerie\/index.php?\/tags\/hana_siska_kolarova&quot;&gt;Hana &Scaron;i&scaron;ka Kol&aacute;\u0159ov&aacute;&lt;\/a&gt; &lt;a href=&quot;https:\/\/bal-v-lapaku.cz\/galerie\/index.php?\/tags\/milan_medved_kolar&quot;&gt;Milan Medv\u011bd Kol&aacute;\u0159&lt;\/a&gt; &lt;a href=&quot;https:\/\/bal-v-lapaku.cz\/galerie\/index.php?\/tags\/fanda_nekvasilova&quot;&gt;Fanda Nekvasilov&aacute;&lt;\/a&gt; &lt;a href=&quot;https:\/\/bal-v-lapaku.cz\/galerie\/index.php?\/tags\/lubos_lobo_kujinek&quot;&gt;Lubo&scaron; Lobo Kuj&iacute;nek&lt;\/a&gt; &lt;a href=&quot;https:\/\/bal-v-lapaku.cz\/galerie\/index.php?\/tags\/helena_nejedla&quot;&gt;Helena Nejedl&aacute;&lt;\/a&gt; &lt;a href=&quot;https:\/\/bal-v-lapaku.cz\/galerie\/index.php?\/tags\/honza_florian&quot;&gt;Honza Flori&aacute;n&lt;\/a&gt; &lt;a href=&quot;https:\/\/bal-v-lapaku.cz\/galerie\/index.php?\/tags\/vladimir_cmoudy_rybicka&quot;&gt;Vladim&iacute;r \u010cmoudy Rybi\u010dka&lt;\/a&gt; &lt;a href=&quot;https:\/\/bal-v-lapaku.cz\/galerie\/index.php?\/tags\/kyda&quot;&gt;K&yacute;\u010fa&lt;\/a&gt; &lt;a href=&quot;https:\/\/bal-v-lapaku.cz\/galerie\/index.php?\/tags\/maly_princ&quot;&gt;Mal&yacute; princ&lt;\/a&gt; &lt;a href=&quot;https:\/\/bal-v-lapaku.cz\/galerie\/index.php?\/tags\/piskovna_pod_bezdezem&quot;&gt;p&iacute;skovna pod Bezd\u011bzem&lt;\/a&gt; 24.7.1977 00:00&lt;a download=&quot;&quot; href=https:\/\/bal-v-lapaku.cz\/galerie\/upload\/2025\/01\/14\/20250114194612-4881fbb6.jpg target=&quot;_blank&quot; title=&quot;St&aacute;hnout origin&aacute;l&quot; class=&quot;stahnout&quot;&gt;&lt;img src=&quot;\/fotky\/themes\/bootstrap_darkroom\/img\/sipka_stahni.svg&quot;&gt; st&aacute;hnout&lt;\/a&gt;' data-original='https:\/\/bal-v-lapaku.cz\/galerie\/upload\/2025\/01\/14\/20250114194612-4881fbb6.jpg' href='https:\/\/bal-v-lapaku.cz\/galerie\/i.php?\/upload\/2025\/01\/14\/20250114194612-4881fbb6-xl.jpg' title='24.7.1977 00:00'  data-fancybox='gallery' class=''><img src='https:\/\/bal-v-lapaku.cz\/galerie\/i.php?\/upload\/2025\/01\/14\/20250114194612-4881fbb6-th.jpg' alt='24.7.1977 00:00' style='height:100px;' class='galerie_tb'><\/a>\r\n<a data-caption='&lt;a href=&quot;https:\/\/bal-v-lapaku.cz\/galerie\/index.php?\/tags\/zdenek_kel_kopulety&quot;&gt;Zden\u011bk Kel Kopulet&yacute;&lt;\/a&gt; &lt;a href=&quot;https:\/\/bal-v-lapaku.cz\/galerie\/index.php?\/tags\/hana_siska_kolarova&quot;&gt;Hana &Scaron;i&scaron;ka Kol&aacute;\u0159ov&aacute;&lt;\/a&gt; &lt;a href=&quot;https:\/\/bal-v-lapaku.cz\/galerie\/index.php?\/tags\/karel_klaus_schneider&quot;&gt;Karel Klaus Schneider&lt;\/a&gt; &lt;a href=&quot;https:\/\/bal-v-lapaku.cz\/galerie\/index.php?\/tags\/helena_nejedla&quot;&gt;Helena Nejedl&aacute;&lt;\/a&gt; &lt;a href=&quot;https:\/\/bal-v-lapaku.cz\/galerie\/index.php?\/tags\/maly_princ&quot;&gt;Mal&yacute; princ&lt;\/a&gt; &lt;a href=&quot;https:\/\/bal-v-lapaku.cz\/galerie\/index.php?\/tags\/piskovna_pod_bezdezem&quot;&gt;p&iacute;skovna pod Bezd\u011bzem&lt;\/a&gt; 24.7.1977 00:00&lt;a download=&quot;&quot; href=https:\/\/bal-v-lapaku.cz\/galerie\/upload\/2025\/01\/14\/20250114194616-49ddd3d7.jpg target=&quot;_blank&quot; title=&quot;St&aacute;hnout origin&aacute;l&quot; class=&quot;stahnout&quot;&gt;&lt;img src=&quot;\/fotky\/themes\/bootstrap_darkroom\/img\/sipka_stahni.svg&quot;&gt; st&aacute;hnout&lt;\/a&gt;' data-original='https:\/\/bal-v-lapaku.cz\/galerie\/upload\/2025\/01\/14\/20250114194616-49ddd3d7.jpg' href='https:\/\/bal-v-lapaku.cz\/galerie\/i.php?\/upload\/2025\/01\/14\/20250114194616-49ddd3d7-xl.jpg' title='24.7.1977 00:00'  data-fancybox='gallery' class=''><img src='https:\/\/bal-v-lapaku.cz\/galerie\/i.php?\/upload\/2025\/01\/14\/20250114194616-49ddd3d7-th.jpg' alt='24.7.1977 00:00' style='height:100px;' class='galerie_tb'><\/a>\r\n<a data-caption='&lt;a href=&quot;https:\/\/bal-v-lapaku.cz\/galerie\/index.php?\/tags\/hana_siska_kolarova&quot;&gt;Hana &Scaron;i&scaron;ka Kol&aacute;\u0159ov&aacute;&lt;\/a&gt; &lt;a href=&quot;https:\/\/bal-v-lapaku.cz\/galerie\/index.php?\/tags\/honza_florian&quot;&gt;Honza Flori&aacute;n&lt;\/a&gt; &lt;a href=&quot;https:\/\/bal-v-lapaku.cz\/galerie\/index.php?\/tags\/maly_princ&quot;&gt;Mal&yacute; princ&lt;\/a&gt; &lt;a href=&quot;https:\/\/bal-v-lapaku.cz\/galerie\/index.php?\/tags\/leny&quot;&gt;Leny&lt;\/a&gt; &lt;a href=&quot;https:\/\/bal-v-lapaku.cz\/galerie\/index.php?\/tags\/piskovna_pod_bezdezem&quot;&gt;p&iacute;skovna pod Bezd\u011bzem&lt;\/a&gt; 24.7.1977 00:00&lt;a download=&quot;&quot; href=https:\/\/bal-v-lapaku.cz\/galerie\/upload\/2025\/01\/14\/20250114194619-ff50eb25.jpg target=&quot;_blank&quot; title=&quot;St&aacute;hnout origin&aacute;l&quot; class=&quot;stahnout&quot;&gt;&lt;img src=&quot;\/fotky\/themes\/bootstrap_darkroom\/img\/sipka_stahni.svg&quot;&gt; st&aacute;hnout&lt;\/a&gt;' data-original='https:\/\/bal-v-lapaku.cz\/galerie\/upload\/2025\/01\/14\/20250114194619-ff50eb25.jpg' href='https:\/\/bal-v-lapaku.cz\/galerie\/i.php?\/upload\/2025\/01\/14\/20250114194619-ff50eb25-xl.jpg' title='24.7.1977 00:00'  data-fancybox='gallery' class=''><img src='https:\/\/bal-v-lapaku.cz\/galerie\/i.php?\/upload\/2025\/01\/14\/20250114194619-ff50eb25-th.jpg' alt='24.7.1977 00:00' style='height:100px;' class='galerie_tb'><\/a>\r\n<a data-caption='&lt;a href=&quot;https:\/\/bal-v-lapaku.cz\/galerie\/index.php?\/tags\/hana_siska_kolarova&quot;&gt;Hana &Scaron;i&scaron;ka Kol&aacute;\u0159ov&aacute;&lt;\/a&gt; &lt;a href=&quot;https:\/\/bal-v-lapaku.cz\/galerie\/index.php?\/tags\/maly_princ&quot;&gt;Mal&yacute; princ&lt;\/a&gt; &lt;a href=&quot;https:\/\/bal-v-lapaku.cz\/galerie\/index.php?\/tags\/piskovna_pod_bezdezem&quot;&gt;p&iacute;skovna pod Bezd\u011bzem&lt;\/a&gt; 24.7.1977 00:00&lt;a download=&quot;&quot; href=https:\/\/bal-v-lapaku.cz\/galerie\/upload\/2025\/01\/14\/20250114194619-01800e7a.jpg target=&quot;_blank&quot; title=&quot;St&aacute;hnout origin&aacute;l&quot; class=&quot;stahnout&quot;&gt;&lt;img src=&quot;\/fotky\/themes\/bootstrap_darkroom\/img\/sipka_stahni.svg&quot;&gt; st&aacute;hnout&lt;\/a&gt;' data-original='https:\/\/bal-v-lapaku.cz\/galerie\/upload\/2025\/01\/14\/20250114194619-01800e7a.jpg' href='https:\/\/bal-v-lapaku.cz\/galerie\/i.php?\/upload\/2025\/01\/14\/20250114194619-01800e7a-xl.jpg' title='24.7.1977 00:00'  data-fancybox='gallery' class='posledni'><img src='https:\/\/bal-v-lapaku.cz\/galerie\/i.php?\/upload\/2025\/01\/14\/20250114194619-01800e7a-th.jpg' alt='24.7.1977 00:00' style='height:100px;' class='galerie_tb'><div class='zbytek_fotek1'>+ 9<\/div><\/a>\r\n<a data-caption='&lt;a href=&quot;https:\/\/bal-v-lapaku.cz\/galerie\/index.php?\/tags\/hana_siska_kolarova&quot;&gt;Hana &Scaron;i&scaron;ka Kol&aacute;\u0159ov&aacute;&lt;\/a&gt; &lt;a href=&quot;https:\/\/bal-v-lapaku.cz\/galerie\/index.php?\/tags\/helena_nejedla&quot;&gt;Helena Nejedl&aacute;&lt;\/a&gt; &lt;a href=&quot;https:\/\/bal-v-lapaku.cz\/galerie\/index.php?\/tags\/maly_princ&quot;&gt;Mal&yacute; princ&lt;\/a&gt; &lt;a href=&quot;https:\/\/bal-v-lapaku.cz\/galerie\/index.php?\/tags\/piskovna_pod_bezdezem&quot;&gt;p&iacute;skovna pod Bezd\u011bzem&lt;\/a&gt; 24.7.1977 00:00&lt;a download=&quot;&quot; href=https:\/\/bal-v-lapaku.cz\/galerie\/upload\/2025\/01\/14\/20250114194621-6d7b399d.jpg target=&quot;_blank&quot; title=&quot;St&aacute;hnout origin&aacute;l&quot; class=&quot;stahnout&quot;&gt;&lt;img src=&quot;\/fotky\/themes\/bootstrap_darkroom\/img\/sipka_stahni.svg&quot;&gt; st&aacute;hnout&lt;\/a&gt;' data-original='https:\/\/bal-v-lapaku.cz\/galerie\/upload\/2025\/01\/14\/20250114194621-6d7b399d.jpg' href='https:\/\/bal-v-lapaku.cz\/galerie\/i.php?\/upload\/2025\/01\/14\/20250114194621-6d7b399d-xl.jpg' title='24.7.1977 00:00'  data-fancybox='gallery' class=''><img src='https:\/\/bal-v-lapaku.cz\/galerie\/i.php?\/upload\/2025\/01\/14\/20250114194621-6d7b399d-th.jpg' style='display:none !important; width: 0px; height: 0px;'><\/a>\r\n<a data-caption='&lt;a href=&quot;https:\/\/bal-v-lapaku.cz\/galerie\/index.php?\/tags\/hana_siska_kolarova&quot;&gt;Hana &Scaron;i&scaron;ka Kol&aacute;\u0159ov&aacute;&lt;\/a&gt; &lt;a href=&quot;https:\/\/bal-v-lapaku.cz\/galerie\/index.php?\/tags\/fanda_nekvasilova&quot;&gt;Fanda Nekvasilov&aacute;&lt;\/a&gt; &lt;a href=&quot;https:\/\/bal-v-lapaku.cz\/galerie\/index.php?\/tags\/maly_princ&quot;&gt;Mal&yacute; princ&lt;\/a&gt; &lt;a href=&quot;https:\/\/bal-v-lapaku.cz\/galerie\/index.php?\/tags\/piskovna_pod_bezdezem&quot;&gt;p&iacute;skovna pod Bezd\u011bzem&lt;\/a&gt; 24.7.1977 00:00&lt;a download=&quot;&quot; href=https:\/\/bal-v-lapaku.cz\/galerie\/upload\/2025\/01\/14\/20250114194623-4ff13fdb.jpg target=&quot;_blank&quot; title=&quot;St&aacute;hnout origin&aacute;l&quot; class=&quot;stahnout&quot;&gt;&lt;img src=&quot;\/fotky\/themes\/bootstrap_darkroom\/img\/sipka_stahni.svg&quot;&gt; st&aacute;hnout&lt;\/a&gt;' data-original='https:\/\/bal-v-lapaku.cz\/galerie\/upload\/2025\/01\/14\/20250114194623-4ff13fdb.jpg' href='https:\/\/bal-v-lapaku.cz\/galerie\/i.php?\/upload\/2025\/01\/14\/20250114194623-4ff13fdb-xl.jpg' title='24.7.1977 00:00'  data-fancybox='gallery' class=''><img src='https:\/\/bal-v-lapaku.cz\/galerie\/i.php?\/upload\/2025\/01\/14\/20250114194623-4ff13fdb-th.jpg' style='display:none !important; width: 0px; height: 0px;'><\/a>\r\n<a data-caption='&lt;a href=&quot;https:\/\/bal-v-lapaku.cz\/galerie\/index.php?\/tags\/hana_siska_kolarova&quot;&gt;Hana &Scaron;i&scaron;ka Kol&aacute;\u0159ov&aacute;&lt;\/a&gt; &lt;a href=&quot;https:\/\/bal-v-lapaku.cz\/galerie\/index.php?\/tags\/vladimir_cmoudy_rybicka&quot;&gt;Vladim&iacute;r \u010cmoudy Rybi\u010dka&lt;\/a&gt; &lt;a href=&quot;https:\/\/bal-v-lapaku.cz\/galerie\/index.php?\/tags\/maly_princ&quot;&gt;Mal&yacute; princ&lt;\/a&gt; &lt;a href=&quot;https:\/\/bal-v-lapaku.cz\/galerie\/index.php?\/tags\/piskovna_pod_bezdezem&quot;&gt;p&iacute;skovna pod Bezd\u011bzem&lt;\/a&gt; 24.7.1977 00:00&lt;a download=&quot;&quot; href=https:\/\/bal-v-lapaku.cz\/galerie\/upload\/2025\/01\/14\/20250114194624-b439a7b2.jpg target=&quot;_blank&quot; title=&quot;St&aacute;hnout origin&aacute;l&quot; class=&quot;stahnout&quot;&gt;&lt;img src=&quot;\/fotky\/themes\/bootstrap_darkroom\/img\/sipka_stahni.svg&quot;&gt; st&aacute;hnout&lt;\/a&gt;' data-original='https:\/\/bal-v-lapaku.cz\/galerie\/upload\/2025\/01\/14\/20250114194624-b439a7b2.jpg' href='https:\/\/bal-v-lapaku.cz\/galerie\/i.php?\/upload\/2025\/01\/14\/20250114194624-b439a7b2-xl.jpg' title='24.7.1977 00:00'  data-fancybox='gallery' class=''><img src='https:\/\/bal-v-lapaku.cz\/galerie\/i.php?\/upload\/2025\/01\/14\/20250114194624-b439a7b2-th.jpg' style='display:none !important; width: 0px; height: 0px;'><\/a>\r\n<a data-caption='&lt;a href=&quot;https:\/\/bal-v-lapaku.cz\/galerie\/index.php?\/tags\/zdenek_kel_kopulety&quot;&gt;Zden\u011bk Kel Kopulet&yacute;&lt;\/a&gt; &lt;a href=&quot;https:\/\/bal-v-lapaku.cz\/galerie\/index.php?\/tags\/hana_siska_kolarova&quot;&gt;Hana &Scaron;i&scaron;ka Kol&aacute;\u0159ov&aacute;&lt;\/a&gt; &lt;a href=&quot;https:\/\/bal-v-lapaku.cz\/galerie\/index.php?\/tags\/milan_medved_kolar&quot;&gt;Milan Medv\u011bd Kol&aacute;\u0159&lt;\/a&gt; &lt;a href=&quot;https:\/\/bal-v-lapaku.cz\/galerie\/index.php?\/tags\/fanda_nekvasilova&quot;&gt;Fanda Nekvasilov&aacute;&lt;\/a&gt; &lt;a href=&quot;https:\/\/bal-v-lapaku.cz\/galerie\/index.php?\/tags\/karel_klaus_schneider&quot;&gt;Karel Klaus Schneider&lt;\/a&gt; &lt;a href=&quot;https:\/\/bal-v-lapaku.cz\/galerie\/index.php?\/tags\/lubos_lobo_kujinek&quot;&gt;Lubo&scaron; Lobo Kuj&iacute;nek&lt;\/a&gt; &lt;a href=&quot;https:\/\/bal-v-lapaku.cz\/galerie\/index.php?\/tags\/helena_nejedla&quot;&gt;Helena Nejedl&aacute;&lt;\/a&gt; &lt;a href=&quot;https:\/\/bal-v-lapaku.cz\/galerie\/index.php?\/tags\/honza_florian&quot;&gt;Honza Flori&aacute;n&lt;\/a&gt; &lt;a href=&quot;https:\/\/bal-v-lapaku.cz\/galerie\/index.php?\/tags\/vladimir_cmoudy_rybicka&quot;&gt;Vladim&iacute;r \u010cmoudy Rybi\u010dka&lt;\/a&gt; &lt;a href=&quot;https:\/\/bal-v-lapaku.cz\/galerie\/index.php?\/tags\/kyda&quot;&gt;K&yacute;\u010fa&lt;\/a&gt; &lt;a href=&quot;https:\/\/bal-v-lapaku.cz\/galerie\/index.php?\/tags\/maly_princ&quot;&gt;Mal&yacute; princ&lt;\/a&gt; &lt;a href=&quot;https:\/\/bal-v-lapaku.cz\/galerie\/index.php?\/tags\/leny&quot;&gt;Leny&lt;\/a&gt; &lt;a href=&quot;https:\/\/bal-v-lapaku.cz\/galerie\/index.php?\/tags\/stydlin&quot;&gt;Stydl&iacute;n&lt;\/a&gt; &lt;a href=&quot;https:\/\/bal-v-lapaku.cz\/galerie\/index.php?\/tags\/piskovna_pod_bezdezem&quot;&gt;p&iacute;skovna pod Bezd\u011bzem&lt;\/a&gt; 24.7.1977 00:00&lt;a download=&quot;&quot; href=https:\/\/bal-v-lapaku.cz\/galerie\/upload\/2025\/01\/14\/20250114194625-890e1549.jpg target=&quot;_blank&quot; title=&quot;St&aacute;hnout origin&aacute;l&quot; class=&quot;stahnout&quot;&gt;&lt;img src=&quot;\/fotky\/themes\/bootstrap_darkroom\/img\/sipka_stahni.svg&quot;&gt; st&aacute;hnout&lt;\/a&gt;' data-original='https:\/\/bal-v-lapaku.cz\/galerie\/upload\/2025\/01\/14\/20250114194625-890e1549.jpg' href='https:\/\/bal-v-lapaku.cz\/galerie\/i.php?\/upload\/2025\/01\/14\/20250114194625-890e1549-xl.jpg' title='24.7.1977 00:00'  data-fancybox='gallery' class=''><img src='https:\/\/bal-v-lapaku.cz\/galerie\/i.php?\/upload\/2025\/01\/14\/20250114194625-890e1549-th.jpg' style='display:none !important; width: 0px; height: 0px;'><\/a>\r\n<a data-caption='&lt;a href=&quot;https:\/\/bal-v-lapaku.cz\/galerie\/index.php?\/tags\/hana_siska_kolarova&quot;&gt;Hana &Scaron;i&scaron;ka Kol&aacute;\u0159ov&aacute;&lt;\/a&gt; &lt;a href=&quot;https:\/\/bal-v-lapaku.cz\/galerie\/index.php?\/tags\/milan_medved_kolar&quot;&gt;Milan Medv\u011bd Kol&aacute;\u0159&lt;\/a&gt; &lt;a href=&quot;https:\/\/bal-v-lapaku.cz\/galerie\/index.php?\/tags\/fanda_nekvasilova&quot;&gt;Fanda Nekvasilov&aacute;&lt;\/a&gt; &lt;a href=&quot;https:\/\/bal-v-lapaku.cz\/galerie\/index.php?\/tags\/lubos_lobo_kujinek&quot;&gt;Lubo&scaron; Lobo Kuj&iacute;nek&lt;\/a&gt; &lt;a href=&quot;https:\/\/bal-v-lapaku.cz\/galerie\/index.php?\/tags\/maly_princ&quot;&gt;Mal&yacute; princ&lt;\/a&gt; &lt;a href=&quot;https:\/\/bal-v-lapaku.cz\/galerie\/index.php?\/tags\/piskovna_pod_bezdezem&quot;&gt;p&iacute;skovna pod Bezd\u011bzem&lt;\/a&gt; 24.7.1977 00:00&lt;a download=&quot;&quot; href=https:\/\/bal-v-lapaku.cz\/galerie\/upload\/2025\/01\/14\/20250114194625-293d2798.jpg target=&quot;_blank&quot; title=&quot;St&aacute;hnout origin&aacute;l&quot; class=&quot;stahnout&quot;&gt;&lt;img src=&quot;\/fotky\/themes\/bootstrap_darkroom\/img\/sipka_stahni.svg&quot;&gt; st&aacute;hnout&lt;\/a&gt;' data-original='https:\/\/bal-v-lapaku.cz\/galerie\/upload\/2025\/01\/14\/20250114194625-293d2798.jpg' href='https:\/\/bal-v-lapaku.cz\/galerie\/i.php?\/upload\/2025\/01\/14\/20250114194625-293d2798-xl.jpg' title='24.7.1977 00:00'  data-fancybox='gallery' class=''><img src='https:\/\/bal-v-lapaku.cz\/galerie\/i.php?\/upload\/2025\/01\/14\/20250114194625-293d2798-th.jpg' style='display:none !important; width: 0px; height: 0px;'><\/a>\r\n<a data-caption='&lt;a href=&quot;https:\/\/bal-v-lapaku.cz\/galerie\/index.php?\/tags\/hana_siska_kolarova&quot;&gt;Hana &Scaron;i&scaron;ka Kol&aacute;\u0159ov&aacute;&lt;\/a&gt; &lt;a href=&quot;https:\/\/bal-v-lapaku.cz\/galerie\/index.php?\/tags\/fanda_nekvasilova&quot;&gt;Fanda Nekvasilov&aacute;&lt;\/a&gt; &lt;a href=&quot;https:\/\/bal-v-lapaku.cz\/galerie\/index.php?\/tags\/maly_princ&quot;&gt;Mal&yacute; princ&lt;\/a&gt; &lt;a href=&quot;https:\/\/bal-v-lapaku.cz\/galerie\/index.php?\/tags\/piskovna_pod_bezdezem&quot;&gt;p&iacute;skovna pod Bezd\u011bzem&lt;\/a&gt; 24.7.1977 00:00 Foto: Milan Medv\u011bd Kol&aacute;\u0159&lt;a download=&quot;&quot; href=https:\/\/bal-v-lapaku.cz\/galerie\/upload\/2025\/01\/17\/20250117233402-1590a09c.jpg target=&quot;_blank&quot; title=&quot;St&aacute;hnout origin&aacute;l&quot; class=&quot;stahnout&quot;&gt;&lt;img src=&quot;\/fotky\/themes\/bootstrap_darkroom\/img\/sipka_stahni.svg&quot;&gt; st&aacute;hnout&lt;\/a&gt;' data-original='https:\/\/bal-v-lapaku.cz\/galerie\/upload\/2025\/01\/17\/20250117233402-1590a09c.jpg' href='https:\/\/bal-v-lapaku.cz\/galerie\/i.php?\/upload\/2025\/01\/17\/20250117233402-1590a09c-xl.jpg' title='24.7.1977 00:00 Foto: Milan Medv\u011bd Kol\u00e1\u0159'  data-fancybox='gallery' class=''><img src='https:\/\/bal-v-lapaku.cz\/galerie\/i.php?\/upload\/2025\/01\/17\/20250117233402-1590a09c-th.jpg' style='display:none !important; width: 0px; height: 0px;'><\/a>\r\n<a data-caption='&lt;a href=&quot;https:\/\/bal-v-lapaku.cz\/galerie\/index.php?\/tags\/zdenek_kel_kopulety&quot;&gt;Zden\u011bk Kel Kopulet&yacute;&lt;\/a&gt; &lt;a href=&quot;https:\/\/bal-v-lapaku.cz\/galerie\/index.php?\/tags\/hana_siska_kolarova&quot;&gt;Hana &Scaron;i&scaron;ka Kol&aacute;\u0159ov&aacute;&lt;\/a&gt; &lt;a href=&quot;https:\/\/bal-v-lapaku.cz\/galerie\/index.php?\/tags\/fanda_nekvasilova&quot;&gt;Fanda Nekvasilov&aacute;&lt;\/a&gt; &lt;a href=&quot;https:\/\/bal-v-lapaku.cz\/galerie\/index.php?\/tags\/karel_klaus_schneider&quot;&gt;Karel Klaus Schneider&lt;\/a&gt; &lt;a href=&quot;https:\/\/bal-v-lapaku.cz\/galerie\/index.php?\/tags\/helena_nejedla&quot;&gt;Helena Nejedl&aacute;&lt;\/a&gt; &lt;a href=&quot;https:\/\/bal-v-lapaku.cz\/galerie\/index.php?\/tags\/honza_florian&quot;&gt;Honza Flori&aacute;n&lt;\/a&gt; &lt;a href=&quot;https:\/\/bal-v-lapaku.cz\/galerie\/index.php?\/tags\/vladimir_cmoudy_rybicka&quot;&gt;Vladim&iacute;r \u010cmoudy Rybi\u010dka&lt;\/a&gt; &lt;a href=&quot;https:\/\/bal-v-lapaku.cz\/galerie\/index.php?\/tags\/maly_princ&quot;&gt;Mal&yacute; princ&lt;\/a&gt; &lt;a href=&quot;https:\/\/bal-v-lapaku.cz\/galerie\/index.php?\/tags\/piskovna_pod_bezdezem&quot;&gt;p&iacute;skovna pod Bezd\u011bzem&lt;\/a&gt; 24.7.1977 00:00 Foto: Milan Medv\u011bd Kol&aacute;\u0159&lt;a download=&quot;&quot; href=https:\/\/bal-v-lapaku.cz\/galerie\/upload\/2025\/01\/17\/20250117233403-a6cabeea.jpg target=&quot;_blank&quot; title=&quot;St&aacute;hnout origin&aacute;l&quot; class=&quot;stahnout&quot;&gt;&lt;img src=&quot;\/fotky\/themes\/bootstrap_darkroom\/img\/sipka_stahni.svg&quot;&gt; st&aacute;hnout&lt;\/a&gt;' data-original='https:\/\/bal-v-lapaku.cz\/galerie\/upload\/2025\/01\/17\/20250117233403-a6cabeea.jpg' href='https:\/\/bal-v-lapaku.cz\/galerie\/i.php?\/upload\/2025\/01\/17\/20250117233403-a6cabeea-xl.jpg' title='24.7.1977 00:00 Foto: Milan Medv\u011bd Kol\u00e1\u0159'  data-fancybox='gallery' class=''><img src='https:\/\/bal-v-lapaku.cz\/galerie\/i.php?\/upload\/2025\/01\/17\/20250117233403-a6cabeea-th.jpg' style='display:none !important; width: 0px; height: 0px;'><\/a>\r\n<a data-caption='&lt;a href=&quot;https:\/\/bal-v-lapaku.cz\/galerie\/index.php?\/tags\/hana_siska_kolarova&quot;&gt;Hana &Scaron;i&scaron;ka Kol&aacute;\u0159ov&aacute;&lt;\/a&gt; &lt;a href=&quot;https:\/\/bal-v-lapaku.cz\/galerie\/index.php?\/tags\/vladimir_cmoudy_rybicka&quot;&gt;Vladim&iacute;r \u010cmoudy Rybi\u010dka&lt;\/a&gt; &lt;a href=&quot;https:\/\/bal-v-lapaku.cz\/galerie\/index.php?\/tags\/maly_princ&quot;&gt;Mal&yacute; princ&lt;\/a&gt; &lt;a href=&quot;https:\/\/bal-v-lapaku.cz\/galerie\/index.php?\/tags\/piskovna_pod_bezdezem&quot;&gt;p&iacute;skovna pod Bezd\u011bzem&lt;\/a&gt; 24.7.1977 00:00 Foto: Milan Medv\u011bd Kol&aacute;\u0159&lt;a download=&quot;&quot; href=https:\/\/bal-v-lapaku.cz\/galerie\/upload\/2025\/01\/17\/20250117233407-8f68303e.jpg target=&quot;_blank&quot; title=&quot;St&aacute;hnout origin&aacute;l&quot; class=&quot;stahnout&quot;&gt;&lt;img src=&quot;\/fotky\/themes\/bootstrap_darkroom\/img\/sipka_stahni.svg&quot;&gt; st&aacute;hnout&lt;\/a&gt;' data-original='https:\/\/bal-v-lapaku.cz\/galerie\/upload\/2025\/01\/17\/20250117233407-8f68303e.jpg' href='https:\/\/bal-v-lapaku.cz\/galerie\/i.php?\/upload\/2025\/01\/17\/20250117233407-8f68303e-xl.jpg' title='24.7.1977 00:00 Foto: Milan Medv\u011bd Kol\u00e1\u0159'  data-fancybox='gallery' class=''><img src='https:\/\/bal-v-lapaku.cz\/galerie\/i.php?\/upload\/2025\/01\/17\/20250117233407-8f68303e-th.jpg' style='display:none !important; width: 0px; height: 0px;'><\/a>\r\n<a data-caption='&lt;a href=&quot;https:\/\/bal-v-lapaku.cz\/galerie\/index.php?\/tags\/hana_siska_kolarova&quot;&gt;Hana &Scaron;i&scaron;ka Kol&aacute;\u0159ov&aacute;&lt;\/a&gt; &lt;a href=&quot;https:\/\/bal-v-lapaku.cz\/galerie\/index.php?\/tags\/vladimir_cmoudy_rybicka&quot;&gt;Vladim&iacute;r \u010cmoudy Rybi\u010dka&lt;\/a&gt; &lt;a href=&quot;https:\/\/bal-v-lapaku.cz\/galerie\/index.php?\/tags\/maly_princ&quot;&gt;Mal&yacute; princ&lt;\/a&gt; &lt;a href=&quot;https:\/\/bal-v-lapaku.cz\/galerie\/index.php?\/tags\/piskovna_pod_bezdezem&quot;&gt;p&iacute;skovna pod Bezd\u011bzem&lt;\/a&gt; 24.7.1977 00:00 Foto: Milan Medv\u011bd Kol&aacute;\u0159&lt;a download=&quot;&quot; href=https:\/\/bal-v-lapaku.cz\/galerie\/upload\/2025\/01\/17\/20250117233408-7f5d5da3.jpg target=&quot;_blank&quot; title=&quot;St&aacute;hnout origin&aacute;l&quot; class=&quot;stahnout&quot;&gt;&lt;img src=&quot;\/fotky\/themes\/bootstrap_darkroom\/img\/sipka_stahni.svg&quot;&gt; st&aacute;hnout&lt;\/a&gt;' data-original='https:\/\/bal-v-lapaku.cz\/galerie\/upload\/2025\/01\/17\/20250117233408-7f5d5da3.jpg' href='https:\/\/bal-v-lapaku.cz\/galerie\/i.php?\/upload\/2025\/01\/17\/20250117233408-7f5d5da3-xl.jpg' title='24.7.1977 00:00 Foto: Milan Medv\u011bd Kol\u00e1\u0159'  data-fancybox='gallery' class=''><img src='https:\/\/bal-v-lapaku.cz\/galerie\/i.php?\/upload\/2025\/01\/17\/20250117233408-7f5d5da3-th.jpg' style='display:none !important; width: 0px; height: 0px;'><\/a>\r\n<\/div><\/div>\r\n\t<script src=\"\/includes\/jquery.collagePlus.min.js\"><\/script>\r\n\t<script src=\"\/includes\/jquery.removeWhitespace.min.js\"><\/script>\r\n\t<script>\r\n\t   function collage() {\r\n\t\t\tjQuery(\".collage\").css(\"background\", \"none\");\t\t\t\r\n\t\t\tjQuery( \".galerie_tb\" ).fadeTo( \"slow\" , 1, function() {\r\n\t\t\t\/\/ Animation complete.\r\n\t\t\t});\r\n\t\t\t\/* postupn\u011b\r\n\t\t\tjQuery(\".galerie_tb\").each(function(i) {\r\n\t\t\tvar initialDelay = i * 50;\r\n\t\t\t\tjQuery(this).delay(initialDelay).fadeTo( \"slow\" , 1, function() {\r\n\t\t\t\t\/\/ Animation complete.\r\n\t\t\t\t});\r\n\t\t\t});\r\n\t\t\t*\/\r\n\t\t\tjQuery(\".zbytek_fotek1\").css(\"opacity\", \"100%\");\r\n\t\t\tjQuery(\".collage\").removeWhitespace().collagePlus(\r\n\t\t\t\t{\r\n\t\t\t\t\t\"fadeSpeed\"     : 200,\r\n\t\t\t\t\t\"allowPartialLastRow\": true,\r\n\t\t\t\t\t\"targetHeight\"  : 100\r\n\t\t\t\t}\r\n\t\t\t);\r\n\t\t};\r\n\r\n\r\n\t\t\r\n\tjQuery(window).load(function () {\r\n\t jQuery(document).ready(function(){\r\n\t\t\t\tcollage();           \r\n\t\t\t});\r\n\t});\r\n\t var resizeTimer = null;\r\n\t\tjQuery(window).bind(\"resize\", function() {        \r\n\t\t\tif (resizeTimer) clearTimeout(resizeTimer);\r\n\t\t\tresizeTimer = setTimeout(collage, 200);\r\n\t\t});\r\n\t<\/script>\n<\/div>\n<\/div>\n<\/div>\n\n\n\n<div class=\"wp-block-column foto-sloupec is-layout-flow wp-block-column-is-layout-flow\">\n<figure class=\"wp-block-image aligncenter size-large\"><a href=\"https:\/\/bal-v-lapaku.cz\/galerie\/_data\/i\/upload\/2025\/01\/14\/20250114194619-01800e7a-xl.jpg\"><img decoding=\"async\" src=\"https:\/\/bal-v-lapaku.cz\/galerie\/_data\/i\/upload\/2025\/01\/14\/20250114194619-01800e7a-xl.jpg\" alt=\"\" style=\"object-fit:cover\" title=\"\u0160i\u0161ka jak Mal\u00fd princ\"\/><\/a><\/figure>\n<\/div>\n<\/div>\n","protected":false},"excerpt":{"rendered":"<p>1977 Za zvl\u00e1\u0161tn\u00ed zm\u00ednku stoj\u00ed na\u0161e snaha hr\u00e1t si na trampu divadlo. Hr\u00e1li jsem si tak Werichovo Fimf\u00e1rum ve sn\u011bhu u ohn\u011b n\u011bkde u T\u0159ech Studn\u00ed ve \u017d\u010f\u00e1rsk\u00fdch vr\u0161\u00edch a vysnili jsme si, \u017ee si v n\u011bjak\u00e9 p\u00edskovn\u011b v \u010cesk\u00e9m R\u00e1ji zahrajeme Mal\u00e9ho prince. Jen tak sami pro sebe. \u0160i\u0161ka byla Mal\u00fdm princem, bylo j\u00ed [&hellip;]<\/p>\n","protected":false},"author":1,"featured_media":1697,"comment_status":"open","ping_status":"open","sticky":false,"template":"i-ka-p-sp-vky","format":"standard","meta":{"fifu_image_url":"https:\/\/bal-v-lapaku.cz\/galerie\/_data\/i\/upload\/2025\/01\/17\/20250117233408-7f5d5da3-cu_s9999x200.jpg","fifu_image_alt":"","footnotes":""},"categories":[2],"tags":[],"class_list":["post-1513","post","type-post","status-publish","format-standard","has-post-thumbnail","hentry","category-siska"],"_links":{"self":[{"href":"https:\/\/kolarovi.rohozna.net\/wp\/wp-json\/wp\/v2\/posts\/1513","targetHints":{"allow":["GET"]}}],"collection":[{"href":"https:\/\/kolarovi.rohozna.net\/wp\/wp-json\/wp\/v2\/posts"}],"about":[{"href":"https:\/\/kolarovi.rohozna.net\/wp\/wp-json\/wp\/v2\/types\/post"}],"author":[{"embeddable":true,"href":"https:\/\/kolarovi.rohozna.net\/wp\/wp-json\/wp\/v2\/users\/1"}],"replies":[{"embeddable":true,"href":"https:\/\/kolarovi.rohozna.net\/wp\/wp-json\/wp\/v2\/comments?post=1513"}],"version-history":[{"count":12,"href":"https:\/\/kolarovi.rohozna.net\/wp\/wp-json\/wp\/v2\/posts\/1513\/revisions"}],"predecessor-version":[{"id":2238,"href":"https:\/\/kolarovi.rohozna.net\/wp\/wp-json\/wp\/v2\/posts\/1513\/revisions\/2238"}],"wp:featuredmedia":[{"embeddable":true,"href":"https:\/\/kolarovi.rohozna.net\/wp\/wp-json\/wp\/v2\/media\/1697"}],"wp:attachment":[{"href":"https:\/\/kolarovi.rohozna.net\/wp\/wp-json\/wp\/v2\/media?parent=1513"}],"wp:term":[{"taxonomy":"category","embeddable":true,"href":"https:\/\/kolarovi.rohozna.net\/wp\/wp-json\/wp\/v2\/categories?post=1513"},{"taxonomy":"post_tag","embeddable":true,"href":"https:\/\/kolarovi.rohozna.net\/wp\/wp-json\/wp\/v2\/tags?post=1513"}],"curies":[{"name":"wp","href":"https:\/\/api.w.org\/{rel}","templated":true}]}}