{"id":1515,"date":"1977-02-03T15:04:00","date_gmt":"1977-02-03T14:04:00","guid":{"rendered":"https:\/\/kolarovi.rohozna.net\/wp\/?p=1515"},"modified":"2026-04-23T13:08:43","modified_gmt":"2026-04-23T11:08:43","slug":"otvirani-studanek","status":"publish","type":"post","link":"https:\/\/kolarovi.rohozna.net\/wp\/siska\/otvirani-studanek","title":{"rendered":"Otv\u00edr\u00e1n\u00ed stud\u00e1nek"},"content":{"rendered":"\n<h4 class=\"wp-block-heading has-text-align-center datumovka has-large-font-size\">1977 &#8211; doposud<\/h4>\n\n\n\n<div class=\"wp-block-columns is-layout-flex wp-container-core-columns-is-layout-28f84493 wp-block-columns-is-layout-flex\">\n<div class=\"wp-block-column text-sloupec is-layout-flow wp-block-column-is-layout-flow\">\n<div class=\"wp-block-group text-sloupec is-vertical is-layout-flex wp-container-core-group-is-layout-fe9cc265 wp-block-group-is-layout-flex\">\n<p>Zvl\u00e1\u0161tn\u00ed m\u00edsto mezi v\u0161emi trampsk\u00fdmi akcemi, potlachy a vandry m\u011blo \u201eOtv\u00edr\u00e1n\u00ed stud\u00e1nek\u201c, kter\u00e9 jsme podle star\u00fdch zvyk\u016f a podle p\u0159edlohy textu od Miloslava Bure\u0161e za\u010dali pravideln\u011b po\u0159\u00e1dat i my tramp\u00edci. \u0160i\u0161ka byla ur\u010dit\u011b alespo\u0148 jednou kr\u00e1lovni\u010dkou, kter\u00e1 <em>poklekla na \u0161\u00e1tek rozprost\u0159en\u00fd, pono\u0159ila d\u017eb\u00e1n do st\u0159\u00edbrn\u00e9 p\u011bny, pak do v\u0161ech sv\u011bta stran vodu vylila\u2026<\/em><br>Pozd\u011bji s n\u00e1mi jezdily i na\u0161e mal\u00e9 d\u011bti a v posledn\u00edch letech se ob\u010das poda\u0159\u00ed star\u00fd zvyk p\u0159ipomenout s vnou\u010daty nebo vnou\u010daty kamar\u00e1d\u016f a kamar\u00e1dek.<\/p>\n\n\n\n<div class=\"wp-block-group wp-container-content-9cfa9a5a is-vertical is-layout-flex wp-container-core-group-is-layout-fed7e1b2 wp-block-group-is-layout-flex\"><div class=\"galerie_fotek alignwide\">\r\n\t<h2>Galerie<\/h2>\r\n\t<div class=\"collage\"><a data-caption='&lt;a href=&quot;https:\/\/bal-v-lapaku.cz\/galerie\/index.php?\/tags\/hana_siska_kolarova&quot;&gt;Hana &Scaron;i&scaron;ka Kol&aacute;\u0159ov&aacute;&lt;\/a&gt; &lt;a href=&quot;https:\/\/bal-v-lapaku.cz\/galerie\/index.php?\/tags\/otvirani_studanek&quot;&gt;Otv&iacute;r&aacute;n&iacute; stud&aacute;nek&lt;\/a&gt; 28.5.1977 00:00 Foto: Milan Medv\u011bd Kol&aacute;\u0159&lt;a download=&quot;&quot; href=https:\/\/bal-v-lapaku.cz\/galerie\/upload\/2026\/01\/13\/20260113155916-548e876e.png target=&quot;_blank&quot; title=&quot;St&aacute;hnout origin&aacute;l&quot; class=&quot;stahnout&quot;&gt;&lt;img src=&quot;\/fotky\/themes\/bootstrap_darkroom\/img\/sipka_stahni.svg&quot;&gt; st&aacute;hnout&lt;\/a&gt;' data-original='https:\/\/bal-v-lapaku.cz\/galerie\/upload\/2026\/01\/13\/20260113155916-548e876e.png' href='https:\/\/bal-v-lapaku.cz\/galerie\/i.php?\/upload\/2026\/01\/13\/20260113155916-548e876e-xl.png' title='28.5.1977 00:00 Foto: Milan Medv\u011bd Kol\u00e1\u0159'  data-fancybox='gallery' class=''><img src='https:\/\/bal-v-lapaku.cz\/galerie\/i.php?\/upload\/2026\/01\/13\/20260113155916-548e876e-th.png' alt='28.5.1977 00:00 Foto: Milan Medv\u011bd Kol\u00e1\u0159' style='height:100px;' class='galerie_tb'><\/a>\r\n<a data-caption='&lt;a href=&quot;https:\/\/bal-v-lapaku.cz\/galerie\/index.php?\/tags\/zdenek_kel_kopulety&quot;&gt;Zden\u011bk Kel Kopulet&yacute;&lt;\/a&gt; &lt;a href=&quot;https:\/\/bal-v-lapaku.cz\/galerie\/index.php?\/tags\/hana_siska_kolarova&quot;&gt;Hana &Scaron;i&scaron;ka Kol&aacute;\u0159ov&aacute;&lt;\/a&gt; &lt;a href=&quot;https:\/\/bal-v-lapaku.cz\/galerie\/index.php?\/tags\/otvirani_studanek&quot;&gt;Otv&iacute;r&aacute;n&iacute; stud&aacute;nek&lt;\/a&gt; &lt;a href=&quot;https:\/\/bal-v-lapaku.cz\/galerie\/index.php?\/tags\/miroslav_beba_obadal&quot;&gt;Miroslav B&eacute;ba Obadal&lt;\/a&gt; &lt;a href=&quot;https:\/\/bal-v-lapaku.cz\/galerie\/index.php?\/tags\/kronika&quot;&gt;kronika&lt;\/a&gt; &lt;a href=&quot;https:\/\/bal-v-lapaku.cz\/galerie\/index.php?\/tags\/jarka_obadalova&quot;&gt;Jarka Obadalov&aacute;&lt;\/a&gt; 26.2.1978 00:00&lt;a download=&quot;&quot; href=https:\/\/bal-v-lapaku.cz\/galerie\/upload\/2025\/02\/02\/20250202193158-3e0ff0df.jpg target=&quot;_blank&quot; title=&quot;St&aacute;hnout origin&aacute;l&quot; class=&quot;stahnout&quot;&gt;&lt;img src=&quot;\/fotky\/themes\/bootstrap_darkroom\/img\/sipka_stahni.svg&quot;&gt; st&aacute;hnout&lt;\/a&gt;' data-original='https:\/\/bal-v-lapaku.cz\/galerie\/upload\/2025\/02\/02\/20250202193158-3e0ff0df.jpg' href='https:\/\/bal-v-lapaku.cz\/galerie\/i.php?\/upload\/2025\/02\/02\/20250202193158-3e0ff0df-xl.jpg' title='26.2.1978 00:00'  data-fancybox='gallery' class=''><img src='https:\/\/bal-v-lapaku.cz\/galerie\/i.php?\/upload\/2025\/02\/02\/20250202193158-3e0ff0df-th.jpg' alt='26.2.1978 00:00' style='height:100px;' class='galerie_tb'><\/a>\r\n<a data-caption='&lt;a href=&quot;https:\/\/bal-v-lapaku.cz\/galerie\/index.php?\/tags\/hana_siska_kolarova&quot;&gt;Hana &Scaron;i&scaron;ka Kol&aacute;\u0159ov&aacute;&lt;\/a&gt; &lt;a href=&quot;https:\/\/bal-v-lapaku.cz\/galerie\/index.php?\/tags\/lidka_konvalinkova&quot;&gt;Lidka Konvalinkov&aacute;&lt;\/a&gt; &lt;a href=&quot;https:\/\/bal-v-lapaku.cz\/galerie\/index.php?\/tags\/vera_svika_nemcanska&quot;&gt;V\u011bra &Scaron;v&iacute;ka N\u011bm\u010dansk&aacute;&lt;\/a&gt; &lt;a href=&quot;https:\/\/bal-v-lapaku.cz\/galerie\/index.php?\/tags\/fanda_nekvasilova&quot;&gt;Fanda Nekvasilov&aacute;&lt;\/a&gt; &lt;a href=&quot;https:\/\/bal-v-lapaku.cz\/galerie\/index.php?\/tags\/otvirani_studanek&quot;&gt;Otv&iacute;r&aacute;n&iacute; stud&aacute;nek&lt;\/a&gt; &lt;a href=&quot;https:\/\/bal-v-lapaku.cz\/galerie\/index.php?\/tags\/milena_milen_mackova&quot;&gt;Milena Milen Mackov&aacute;&lt;\/a&gt; &lt;a href=&quot;https:\/\/bal-v-lapaku.cz\/galerie\/index.php?\/tags\/helena_nejedla&quot;&gt;Helena Nejedl&aacute;&lt;\/a&gt; &lt;a href=&quot;https:\/\/bal-v-lapaku.cz\/galerie\/index.php?\/tags\/miroslav_beba_obadal&quot;&gt;Miroslav B&eacute;ba Obadal&lt;\/a&gt; &lt;a href=&quot;https:\/\/bal-v-lapaku.cz\/galerie\/index.php?\/tags\/kronika&quot;&gt;kronika&lt;\/a&gt; &lt;a href=&quot;https:\/\/bal-v-lapaku.cz\/galerie\/index.php?\/tags\/vrbno&quot;&gt;Vrbno&lt;\/a&gt; 27.2.1978 00:00&lt;a download=&quot;&quot; href=https:\/\/bal-v-lapaku.cz\/galerie\/upload\/2025\/02\/02\/20250202193158-3fbb12db.jpg target=&quot;_blank&quot; title=&quot;St&aacute;hnout origin&aacute;l&quot; class=&quot;stahnout&quot;&gt;&lt;img src=&quot;\/fotky\/themes\/bootstrap_darkroom\/img\/sipka_stahni.svg&quot;&gt; st&aacute;hnout&lt;\/a&gt;' data-original='https:\/\/bal-v-lapaku.cz\/galerie\/upload\/2025\/02\/02\/20250202193158-3fbb12db.jpg' href='https:\/\/bal-v-lapaku.cz\/galerie\/i.php?\/upload\/2025\/02\/02\/20250202193158-3fbb12db-xl.jpg' title='27.2.1978 00:00'  data-fancybox='gallery' class=''><img src='https:\/\/bal-v-lapaku.cz\/galerie\/i.php?\/upload\/2025\/02\/02\/20250202193158-3fbb12db-th.jpg' alt='27.2.1978 00:00' style='height:100px;' class='galerie_tb'><\/a>\r\n<a data-caption='&lt;a href=&quot;https:\/\/bal-v-lapaku.cz\/galerie\/index.php?\/tags\/hana_siska_kolarova&quot;&gt;Hana &Scaron;i&scaron;ka Kol&aacute;\u0159ov&aacute;&lt;\/a&gt; &lt;a href=&quot;https:\/\/bal-v-lapaku.cz\/galerie\/index.php?\/tags\/lada_jirku&quot;&gt;L&aacute;da Jirk\u016f&lt;\/a&gt; &lt;a href=&quot;https:\/\/bal-v-lapaku.cz\/galerie\/index.php?\/tags\/otvirani_studanek&quot;&gt;Otv&iacute;r&aacute;n&iacute; stud&aacute;nek&lt;\/a&gt; &lt;a href=&quot;https:\/\/bal-v-lapaku.cz\/galerie\/index.php?\/tags\/miroslav_beba_obadal&quot;&gt;Miroslav B&eacute;ba Obadal&lt;\/a&gt; &lt;a href=&quot;https:\/\/bal-v-lapaku.cz\/galerie\/index.php?\/tags\/kronika&quot;&gt;kronika&lt;\/a&gt; &lt;a href=&quot;https:\/\/bal-v-lapaku.cz\/galerie\/index.php?\/tags\/vrbno&quot;&gt;Vrbno&lt;\/a&gt; 28.2.1978 00:00&lt;a download=&quot;&quot; href=https:\/\/bal-v-lapaku.cz\/galerie\/upload\/2025\/02\/02\/20250202193153-98041b31.jpg target=&quot;_blank&quot; title=&quot;St&aacute;hnout origin&aacute;l&quot; class=&quot;stahnout&quot;&gt;&lt;img src=&quot;\/fotky\/themes\/bootstrap_darkroom\/img\/sipka_stahni.svg&quot;&gt; st&aacute;hnout&lt;\/a&gt;' data-original='https:\/\/bal-v-lapaku.cz\/galerie\/upload\/2025\/02\/02\/20250202193153-98041b31.jpg' href='https:\/\/bal-v-lapaku.cz\/galerie\/i.php?\/upload\/2025\/02\/02\/20250202193153-98041b31-xl.jpg' title='28.2.1978 00:00'  data-fancybox='gallery' class=''><img src='https:\/\/bal-v-lapaku.cz\/galerie\/i.php?\/upload\/2025\/02\/02\/20250202193153-98041b31-th.jpg' alt='28.2.1978 00:00' style='height:100px;' class='galerie_tb'><\/a>\r\n<a data-caption='&lt;a href=&quot;https:\/\/bal-v-lapaku.cz\/galerie\/index.php?\/tags\/zdenek_kel_kopulety&quot;&gt;Zden\u011bk Kel Kopulet&yacute;&lt;\/a&gt; &lt;a href=&quot;https:\/\/bal-v-lapaku.cz\/galerie\/index.php?\/tags\/hana_siska_kolarova&quot;&gt;Hana &Scaron;i&scaron;ka Kol&aacute;\u0159ov&aacute;&lt;\/a&gt; &lt;a href=&quot;https:\/\/bal-v-lapaku.cz\/galerie\/index.php?\/tags\/lidka_konvalinkova&quot;&gt;Lidka Konvalinkov&aacute;&lt;\/a&gt; &lt;a href=&quot;https:\/\/bal-v-lapaku.cz\/galerie\/index.php?\/tags\/lada_jirku&quot;&gt;L&aacute;da Jirk\u016f&lt;\/a&gt; &lt;a href=&quot;https:\/\/bal-v-lapaku.cz\/galerie\/index.php?\/tags\/vera_svika_nemcanska&quot;&gt;V\u011bra &Scaron;v&iacute;ka N\u011bm\u010dansk&aacute;&lt;\/a&gt; &lt;a href=&quot;https:\/\/bal-v-lapaku.cz\/galerie\/index.php?\/tags\/milan_medved_kolar&quot;&gt;Milan Medv\u011bd Kol&aacute;\u0159&lt;\/a&gt; &lt;a href=&quot;https:\/\/bal-v-lapaku.cz\/galerie\/index.php?\/tags\/fanda_nekvasilova&quot;&gt;Fanda Nekvasilov&aacute;&lt;\/a&gt; &lt;a href=&quot;https:\/\/bal-v-lapaku.cz\/galerie\/index.php?\/tags\/lubos_lobo_kujinek&quot;&gt;Lubo&scaron; Lobo Kuj&iacute;nek&lt;\/a&gt; &lt;a href=&quot;https:\/\/bal-v-lapaku.cz\/galerie\/index.php?\/tags\/otvirani_studanek&quot;&gt;Otv&iacute;r&aacute;n&iacute; stud&aacute;nek&lt;\/a&gt; &lt;a href=&quot;https:\/\/bal-v-lapaku.cz\/galerie\/index.php?\/tags\/milena_milen_mackova&quot;&gt;Milena Milen Mackov&aacute;&lt;\/a&gt; &lt;a href=&quot;https:\/\/bal-v-lapaku.cz\/galerie\/index.php?\/tags\/helena_nejedla&quot;&gt;Helena Nejedl&aacute;&lt;\/a&gt; &lt;a href=&quot;https:\/\/bal-v-lapaku.cz\/galerie\/index.php?\/tags\/miroslav_beba_obadal&quot;&gt;Miroslav B&eacute;ba Obadal&lt;\/a&gt; &lt;a href=&quot;https:\/\/bal-v-lapaku.cz\/galerie\/index.php?\/tags\/kronika&quot;&gt;kronika&lt;\/a&gt; &lt;a href=&quot;https:\/\/bal-v-lapaku.cz\/galerie\/index.php?\/tags\/vrbno&quot;&gt;Vrbno&lt;\/a&gt; 28.5.1978 00:00&lt;a download=&quot;&quot; href=https:\/\/bal-v-lapaku.cz\/galerie\/upload\/2025\/02\/02\/20250202193153-bd195b12.jpg target=&quot;_blank&quot; title=&quot;St&aacute;hnout origin&aacute;l&quot; class=&quot;stahnout&quot;&gt;&lt;img src=&quot;\/fotky\/themes\/bootstrap_darkroom\/img\/sipka_stahni.svg&quot;&gt; st&aacute;hnout&lt;\/a&gt;' data-original='https:\/\/bal-v-lapaku.cz\/galerie\/upload\/2025\/02\/02\/20250202193153-bd195b12.jpg' href='https:\/\/bal-v-lapaku.cz\/galerie\/i.php?\/upload\/2025\/02\/02\/20250202193153-bd195b12-xl.jpg' title='28.5.1978 00:00'  data-fancybox='gallery' class=''><img src='https:\/\/bal-v-lapaku.cz\/galerie\/i.php?\/upload\/2025\/02\/02\/20250202193153-bd195b12-th.jpg' alt='28.5.1978 00:00' style='height:100px;' class='galerie_tb'><\/a>\r\n<a data-caption='&lt;a href=&quot;https:\/\/bal-v-lapaku.cz\/galerie\/index.php?\/tags\/hana_siska_kolarova&quot;&gt;Hana &Scaron;i&scaron;ka Kol&aacute;\u0159ov&aacute;&lt;\/a&gt; &lt;a href=&quot;https:\/\/bal-v-lapaku.cz\/galerie\/index.php?\/tags\/lidka_konvalinkova&quot;&gt;Lidka Konvalinkov&aacute;&lt;\/a&gt; &lt;a href=&quot;https:\/\/bal-v-lapaku.cz\/galerie\/index.php?\/tags\/lada_jirku&quot;&gt;L&aacute;da Jirk\u016f&lt;\/a&gt; &lt;a href=&quot;https:\/\/bal-v-lapaku.cz\/galerie\/index.php?\/tags\/milan_medved_kolar&quot;&gt;Milan Medv\u011bd Kol&aacute;\u0159&lt;\/a&gt; &lt;a href=&quot;https:\/\/bal-v-lapaku.cz\/galerie\/index.php?\/tags\/fanda_nekvasilova&quot;&gt;Fanda Nekvasilov&aacute;&lt;\/a&gt; &lt;a href=&quot;https:\/\/bal-v-lapaku.cz\/galerie\/index.php?\/tags\/lubos_lobo_kujinek&quot;&gt;Lubo&scaron; Lobo Kuj&iacute;nek&lt;\/a&gt; &lt;a href=&quot;https:\/\/bal-v-lapaku.cz\/galerie\/index.php?\/tags\/slim&quot;&gt;Slim&lt;\/a&gt; &lt;a href=&quot;https:\/\/bal-v-lapaku.cz\/galerie\/index.php?\/tags\/otvirani_studanek&quot;&gt;Otv&iacute;r&aacute;n&iacute; stud&aacute;nek&lt;\/a&gt; &lt;a href=&quot;https:\/\/bal-v-lapaku.cz\/galerie\/index.php?\/tags\/miroslav_beba_obadal&quot;&gt;Miroslav B&eacute;ba Obadal&lt;\/a&gt; &lt;a href=&quot;https:\/\/bal-v-lapaku.cz\/galerie\/index.php?\/tags\/kronika&quot;&gt;kronika&lt;\/a&gt; &lt;a href=&quot;https:\/\/bal-v-lapaku.cz\/galerie\/index.php?\/tags\/vrbno&quot;&gt;Vrbno&lt;\/a&gt; &lt;a href=&quot;https:\/\/bal-v-lapaku.cz\/galerie\/index.php?\/tags\/jarka_obadalova&quot;&gt;Jarka Obadalov&aacute;&lt;\/a&gt; 28.5.1978 00:00&lt;a download=&quot;&quot; href=https:\/\/bal-v-lapaku.cz\/galerie\/upload\/2025\/02\/02\/20250202193152-81ed733a.jpg target=&quot;_blank&quot; title=&quot;St&aacute;hnout origin&aacute;l&quot; class=&quot;stahnout&quot;&gt;&lt;img src=&quot;\/fotky\/themes\/bootstrap_darkroom\/img\/sipka_stahni.svg&quot;&gt; st&aacute;hnout&lt;\/a&gt;' data-original='https:\/\/bal-v-lapaku.cz\/galerie\/upload\/2025\/02\/02\/20250202193152-81ed733a.jpg' href='https:\/\/bal-v-lapaku.cz\/galerie\/i.php?\/upload\/2025\/02\/02\/20250202193152-81ed733a-xl.jpg' title='28.5.1978 00:00'  data-fancybox='gallery' class=''><img src='https:\/\/bal-v-lapaku.cz\/galerie\/i.php?\/upload\/2025\/02\/02\/20250202193152-81ed733a-th.jpg' alt='28.5.1978 00:00' style='height:100px;' class='galerie_tb'><\/a>\r\n<a data-caption='&lt;a href=&quot;https:\/\/bal-v-lapaku.cz\/galerie\/index.php?\/tags\/hana_siska_kolarova&quot;&gt;Hana &Scaron;i&scaron;ka Kol&aacute;\u0159ov&aacute;&lt;\/a&gt; &lt;a href=&quot;https:\/\/bal-v-lapaku.cz\/galerie\/index.php?\/tags\/petr_cabana_bouda&quot;&gt;Petr Cabana Bouda&lt;\/a&gt; &lt;a href=&quot;https:\/\/bal-v-lapaku.cz\/galerie\/index.php?\/tags\/otvirani_studanek&quot;&gt;Otv&iacute;r&aacute;n&iacute; stud&aacute;nek&lt;\/a&gt; &lt;a href=&quot;https:\/\/bal-v-lapaku.cz\/galerie\/index.php?\/tags\/jamne&quot;&gt;Jamn&eacute;&lt;\/a&gt; 25.5.1979 14:00 Foto: Ivo&scaron; N\u011bm\u010dansk&yacute;&lt;a download=&quot;&quot; href=https:\/\/bal-v-lapaku.cz\/galerie\/upload\/2023\/11\/22\/20231122230103-a8278fa7.jpg target=&quot;_blank&quot; title=&quot;St&aacute;hnout origin&aacute;l&quot; class=&quot;stahnout&quot;&gt;&lt;img src=&quot;\/fotky\/themes\/bootstrap_darkroom\/img\/sipka_stahni.svg&quot;&gt; st&aacute;hnout&lt;\/a&gt;' data-original='https:\/\/bal-v-lapaku.cz\/galerie\/upload\/2023\/11\/22\/20231122230103-a8278fa7.jpg' href='https:\/\/bal-v-lapaku.cz\/galerie\/i.php?\/upload\/2023\/11\/22\/20231122230103-a8278fa7-xl.jpg' title='25.5.1979 14:00 Foto: Ivo\u0161 N\u011bm\u010dansk\u00fd'  data-fancybox='gallery' class=''><img src='https:\/\/bal-v-lapaku.cz\/galerie\/i.php?\/upload\/2023\/11\/22\/20231122230103-a8278fa7-th.jpg' alt='25.5.1979 14:00 Foto: Ivo\u0161 N\u011bm\u010dansk\u00fd' style='height:100px;' class='galerie_tb'><\/a>\r\n<a data-caption='&lt;a href=&quot;https:\/\/bal-v-lapaku.cz\/galerie\/index.php?\/tags\/hana_siska_kolarova&quot;&gt;Hana &Scaron;i&scaron;ka Kol&aacute;\u0159ov&aacute;&lt;\/a&gt; &lt;a href=&quot;https:\/\/bal-v-lapaku.cz\/galerie\/index.php?\/tags\/fanda_nekvasilova&quot;&gt;Fanda Nekvasilov&aacute;&lt;\/a&gt; &lt;a href=&quot;https:\/\/bal-v-lapaku.cz\/galerie\/index.php?\/tags\/otvirani_studanek&quot;&gt;Otv&iacute;r&aacute;n&iacute; stud&aacute;nek&lt;\/a&gt; &lt;a href=&quot;https:\/\/bal-v-lapaku.cz\/galerie\/index.php?\/tags\/jamne&quot;&gt;Jamn&eacute;&lt;\/a&gt; 25.5.1979 15:00 Foto: Milan Medv\u011bd Kol&aacute;\u0159&lt;a download=&quot;&quot; href=https:\/\/bal-v-lapaku.cz\/galerie\/upload\/2023\/11\/22\/20231122181531-4dd0abb7.jpg target=&quot;_blank&quot; title=&quot;St&aacute;hnout origin&aacute;l&quot; class=&quot;stahnout&quot;&gt;&lt;img src=&quot;\/fotky\/themes\/bootstrap_darkroom\/img\/sipka_stahni.svg&quot;&gt; st&aacute;hnout&lt;\/a&gt;' data-original='https:\/\/bal-v-lapaku.cz\/galerie\/upload\/2023\/11\/22\/20231122181531-4dd0abb7.jpg' href='https:\/\/bal-v-lapaku.cz\/galerie\/i.php?\/upload\/2023\/11\/22\/20231122181531-4dd0abb7-xl.jpg' title='25.5.1979 15:00 Foto: Milan Medv\u011bd Kol\u00e1\u0159'  data-fancybox='gallery' class=''><img src='https:\/\/bal-v-lapaku.cz\/galerie\/i.php?\/upload\/2023\/11\/22\/20231122181531-4dd0abb7-th.jpg' alt='25.5.1979 15:00 Foto: Milan Medv\u011bd Kol\u00e1\u0159' style='height:100px;' class='galerie_tb'><\/a>\r\n<a data-caption='&lt;a href=&quot;https:\/\/bal-v-lapaku.cz\/galerie\/index.php?\/tags\/hana_siska_kolarova&quot;&gt;Hana &Scaron;i&scaron;ka Kol&aacute;\u0159ov&aacute;&lt;\/a&gt; &lt;a href=&quot;https:\/\/bal-v-lapaku.cz\/galerie\/index.php?\/tags\/fanda_nekvasilova&quot;&gt;Fanda Nekvasilov&aacute;&lt;\/a&gt; &lt;a href=&quot;https:\/\/bal-v-lapaku.cz\/galerie\/index.php?\/tags\/kveta_mrazkova&quot;&gt;Kv\u011bta Mr&aacute;zkov&aacute;&lt;\/a&gt; &lt;a href=&quot;https:\/\/bal-v-lapaku.cz\/galerie\/index.php?\/tags\/otvirani_studanek&quot;&gt;Otv&iacute;r&aacute;n&iacute; stud&aacute;nek&lt;\/a&gt; &lt;a href=&quot;https:\/\/bal-v-lapaku.cz\/galerie\/index.php?\/tags\/milena_milen_mackova&quot;&gt;Milena Milen Mackov&aacute;&lt;\/a&gt; &lt;a href=&quot;https:\/\/bal-v-lapaku.cz\/galerie\/index.php?\/tags\/jamne&quot;&gt;Jamn&eacute;&lt;\/a&gt; 25.5.1979 15:00 Foto: Milan Medv\u011bd Kol&aacute;\u0159&lt;a download=&quot;&quot; href=https:\/\/bal-v-lapaku.cz\/galerie\/upload\/2023\/11\/22\/20231122181533-6485eb9c.jpg target=&quot;_blank&quot; title=&quot;St&aacute;hnout origin&aacute;l&quot; class=&quot;stahnout&quot;&gt;&lt;img src=&quot;\/fotky\/themes\/bootstrap_darkroom\/img\/sipka_stahni.svg&quot;&gt; st&aacute;hnout&lt;\/a&gt;' data-original='https:\/\/bal-v-lapaku.cz\/galerie\/upload\/2023\/11\/22\/20231122181533-6485eb9c.jpg' href='https:\/\/bal-v-lapaku.cz\/galerie\/i.php?\/upload\/2023\/11\/22\/20231122181533-6485eb9c-xl.jpg' title='25.5.1979 15:00 Foto: Milan Medv\u011bd Kol\u00e1\u0159'  data-fancybox='gallery' class=''><img src='https:\/\/bal-v-lapaku.cz\/galerie\/i.php?\/upload\/2023\/11\/22\/20231122181533-6485eb9c-th.jpg' alt='25.5.1979 15:00 Foto: Milan Medv\u011bd Kol\u00e1\u0159' style='height:100px;' class='galerie_tb'><\/a>\r\n<a data-caption='&lt;a href=&quot;https:\/\/bal-v-lapaku.cz\/galerie\/index.php?\/tags\/hana_siska_kolarova&quot;&gt;Hana &Scaron;i&scaron;ka Kol&aacute;\u0159ov&aacute;&lt;\/a&gt; &lt;a href=&quot;https:\/\/bal-v-lapaku.cz\/galerie\/index.php?\/tags\/lidka_konvalinkova&quot;&gt;Lidka Konvalinkov&aacute;&lt;\/a&gt; &lt;a href=&quot;https:\/\/bal-v-lapaku.cz\/galerie\/index.php?\/tags\/lada_jirku&quot;&gt;L&aacute;da Jirk\u016f&lt;\/a&gt; &lt;a href=&quot;https:\/\/bal-v-lapaku.cz\/galerie\/index.php?\/tags\/otvirani_studanek&quot;&gt;Otv&iacute;r&aacute;n&iacute; stud&aacute;nek&lt;\/a&gt; &lt;a href=&quot;https:\/\/bal-v-lapaku.cz\/galerie\/index.php?\/tags\/jamne&quot;&gt;Jamn&eacute;&lt;\/a&gt; 25.5.1979 15:00 Foto: Milan Medv\u011bd Kol&aacute;\u0159&lt;a download=&quot;&quot; href=https:\/\/bal-v-lapaku.cz\/galerie\/upload\/2023\/11\/22\/20231122181629-92be53b6.jpg target=&quot;_blank&quot; title=&quot;St&aacute;hnout origin&aacute;l&quot; class=&quot;stahnout&quot;&gt;&lt;img src=&quot;\/fotky\/themes\/bootstrap_darkroom\/img\/sipka_stahni.svg&quot;&gt; st&aacute;hnout&lt;\/a&gt;' data-original='https:\/\/bal-v-lapaku.cz\/galerie\/upload\/2023\/11\/22\/20231122181629-92be53b6.jpg' href='https:\/\/bal-v-lapaku.cz\/galerie\/i.php?\/upload\/2023\/11\/22\/20231122181629-92be53b6-xl.jpg' title='25.5.1979 15:00 Foto: Milan Medv\u011bd Kol\u00e1\u0159'  data-fancybox='gallery' class='posledni'><img src='https:\/\/bal-v-lapaku.cz\/galerie\/i.php?\/upload\/2023\/11\/22\/20231122181629-92be53b6-th.jpg' alt='25.5.1979 15:00 Foto: Milan Medv\u011bd Kol\u00e1\u0159' style='height:100px;' class='galerie_tb'><div class='zbytek_fotek1'>+ 20<\/div><\/a>\r\n<a data-caption='&lt;a href=&quot;https:\/\/bal-v-lapaku.cz\/galerie\/index.php?\/tags\/hana_siska_kolarova&quot;&gt;Hana &Scaron;i&scaron;ka Kol&aacute;\u0159ov&aacute;&lt;\/a&gt; &lt;a href=&quot;https:\/\/bal-v-lapaku.cz\/galerie\/index.php?\/tags\/otvirani_studanek&quot;&gt;Otv&iacute;r&aacute;n&iacute; stud&aacute;nek&lt;\/a&gt; &lt;a href=&quot;https:\/\/bal-v-lapaku.cz\/galerie\/index.php?\/tags\/milena_milen_mackova&quot;&gt;Milena Milen Mackov&aacute;&lt;\/a&gt; &lt;a href=&quot;https:\/\/bal-v-lapaku.cz\/galerie\/index.php?\/tags\/jamne&quot;&gt;Jamn&eacute;&lt;\/a&gt; 25.5.1979 15:00 Foto: Milan Medv\u011bd Kol&aacute;\u0159&lt;a download=&quot;&quot; href=https:\/\/bal-v-lapaku.cz\/galerie\/upload\/2023\/11\/22\/20231122181622-e190191e.jpg target=&quot;_blank&quot; title=&quot;St&aacute;hnout origin&aacute;l&quot; class=&quot;stahnout&quot;&gt;&lt;img src=&quot;\/fotky\/themes\/bootstrap_darkroom\/img\/sipka_stahni.svg&quot;&gt; st&aacute;hnout&lt;\/a&gt;' data-original='https:\/\/bal-v-lapaku.cz\/galerie\/upload\/2023\/11\/22\/20231122181622-e190191e.jpg' href='https:\/\/bal-v-lapaku.cz\/galerie\/i.php?\/upload\/2023\/11\/22\/20231122181622-e190191e-xl.jpg' title='25.5.1979 15:00 Foto: Milan Medv\u011bd Kol\u00e1\u0159'  data-fancybox='gallery' class=''><img src='https:\/\/bal-v-lapaku.cz\/galerie\/i.php?\/upload\/2023\/11\/22\/20231122181622-e190191e-th.jpg' style='display:none !important; width: 0px; height: 0px;'><\/a>\r\n<a data-caption='&lt;a href=&quot;https:\/\/bal-v-lapaku.cz\/galerie\/index.php?\/tags\/hana_siska_kolarova&quot;&gt;Hana &Scaron;i&scaron;ka Kol&aacute;\u0159ov&aacute;&lt;\/a&gt; &lt;a href=&quot;https:\/\/bal-v-lapaku.cz\/galerie\/index.php?\/tags\/otvirani_studanek&quot;&gt;Otv&iacute;r&aacute;n&iacute; stud&aacute;nek&lt;\/a&gt; &lt;a href=&quot;https:\/\/bal-v-lapaku.cz\/galerie\/index.php?\/tags\/jamne&quot;&gt;Jamn&eacute;&lt;\/a&gt; 25.5.1979 15:00 Foto: Milan Medv\u011bd Kol&aacute;\u0159&lt;a download=&quot;&quot; href=https:\/\/bal-v-lapaku.cz\/galerie\/upload\/2023\/11\/22\/20231122181530-9d49dcfc.jpg target=&quot;_blank&quot; title=&quot;St&aacute;hnout origin&aacute;l&quot; class=&quot;stahnout&quot;&gt;&lt;img src=&quot;\/fotky\/themes\/bootstrap_darkroom\/img\/sipka_stahni.svg&quot;&gt; st&aacute;hnout&lt;\/a&gt;' data-original='https:\/\/bal-v-lapaku.cz\/galerie\/upload\/2023\/11\/22\/20231122181530-9d49dcfc.jpg' href='https:\/\/bal-v-lapaku.cz\/galerie\/i.php?\/upload\/2023\/11\/22\/20231122181530-9d49dcfc-xl.jpg' title='25.5.1979 15:00 Foto: Milan Medv\u011bd Kol\u00e1\u0159'  data-fancybox='gallery' class=''><img src='https:\/\/bal-v-lapaku.cz\/galerie\/i.php?\/upload\/2023\/11\/22\/20231122181530-9d49dcfc-th.jpg' style='display:none !important; width: 0px; height: 0px;'><\/a>\r\n<a data-caption='&lt;a href=&quot;https:\/\/bal-v-lapaku.cz\/galerie\/index.php?\/tags\/pavel_komanc_nekvasil&quot;&gt;Pavel Koman\u010d Nekvasil&lt;\/a&gt; &lt;a href=&quot;https:\/\/bal-v-lapaku.cz\/galerie\/index.php?\/tags\/hana_siska_kolarova&quot;&gt;Hana &Scaron;i&scaron;ka Kol&aacute;\u0159ov&aacute;&lt;\/a&gt; &lt;a href=&quot;https:\/\/bal-v-lapaku.cz\/galerie\/index.php?\/tags\/lada_jirku&quot;&gt;L&aacute;da Jirk\u016f&lt;\/a&gt; &lt;a href=&quot;https:\/\/bal-v-lapaku.cz\/galerie\/index.php?\/tags\/bob_mejzlik&quot;&gt;Bob Mejzl&iacute;k&lt;\/a&gt; &lt;a href=&quot;https:\/\/bal-v-lapaku.cz\/galerie\/index.php?\/tags\/milan_medved_kolar&quot;&gt;Milan Medv\u011bd Kol&aacute;\u0159&lt;\/a&gt; &lt;a href=&quot;https:\/\/bal-v-lapaku.cz\/galerie\/index.php?\/tags\/fanda_nekvasilova&quot;&gt;Fanda Nekvasilov&aacute;&lt;\/a&gt; &lt;a href=&quot;https:\/\/bal-v-lapaku.cz\/galerie\/index.php?\/tags\/lubos_lobo_kujinek&quot;&gt;Lubo&scaron; Lobo Kuj&iacute;nek&lt;\/a&gt; &lt;a href=&quot;https:\/\/bal-v-lapaku.cz\/galerie\/index.php?\/tags\/otvirani_studanek&quot;&gt;Otv&iacute;r&aacute;n&iacute; stud&aacute;nek&lt;\/a&gt; &lt;a href=&quot;https:\/\/bal-v-lapaku.cz\/galerie\/index.php?\/tags\/kronika&quot;&gt;kronika&lt;\/a&gt; &lt;a href=&quot;https:\/\/bal-v-lapaku.cz\/galerie\/index.php?\/tags\/nova_rise&quot;&gt;Nov&aacute; \u0158&iacute;&scaron;e&lt;\/a&gt; &lt;a href=&quot;https:\/\/bal-v-lapaku.cz\/galerie\/index.php?\/tags\/svatba&quot;&gt;svatba&lt;\/a&gt; 23.5.1980 00:00&lt;a download=&quot;&quot; href=https:\/\/bal-v-lapaku.cz\/galerie\/upload\/2024\/01\/23\/20240123171037-5bd9abe7.jpg target=&quot;_blank&quot; title=&quot;St&aacute;hnout origin&aacute;l&quot; class=&quot;stahnout&quot;&gt;&lt;img src=&quot;\/fotky\/themes\/bootstrap_darkroom\/img\/sipka_stahni.svg&quot;&gt; st&aacute;hnout&lt;\/a&gt;' data-original='https:\/\/bal-v-lapaku.cz\/galerie\/upload\/2024\/01\/23\/20240123171037-5bd9abe7.jpg' href='https:\/\/bal-v-lapaku.cz\/galerie\/i.php?\/upload\/2024\/01\/23\/20240123171037-5bd9abe7-xl.jpg' title='23.5.1980 00:00'  data-fancybox='gallery' class=''><img src='https:\/\/bal-v-lapaku.cz\/galerie\/i.php?\/upload\/2024\/01\/23\/20240123171037-5bd9abe7-th.jpg' style='display:none !important; width: 0px; height: 0px;'><\/a>\r\n<a data-caption='&lt;a href=&quot;https:\/\/bal-v-lapaku.cz\/galerie\/index.php?\/tags\/pavel_komanc_nekvasil&quot;&gt;Pavel Koman\u010d Nekvasil&lt;\/a&gt; &lt;a href=&quot;https:\/\/bal-v-lapaku.cz\/galerie\/index.php?\/tags\/hana_siska_kolarova&quot;&gt;Hana &Scaron;i&scaron;ka Kol&aacute;\u0159ov&aacute;&lt;\/a&gt; &lt;a href=&quot;https:\/\/bal-v-lapaku.cz\/galerie\/index.php?\/tags\/lada_jirku&quot;&gt;L&aacute;da Jirk\u016f&lt;\/a&gt; &lt;a href=&quot;https:\/\/bal-v-lapaku.cz\/galerie\/index.php?\/tags\/bob_mejzlik&quot;&gt;Bob Mejzl&iacute;k&lt;\/a&gt; &lt;a href=&quot;https:\/\/bal-v-lapaku.cz\/galerie\/index.php?\/tags\/milan_medved_kolar&quot;&gt;Milan Medv\u011bd Kol&aacute;\u0159&lt;\/a&gt; &lt;a href=&quot;https:\/\/bal-v-lapaku.cz\/galerie\/index.php?\/tags\/fanda_nekvasilova&quot;&gt;Fanda Nekvasilov&aacute;&lt;\/a&gt; &lt;a href=&quot;https:\/\/bal-v-lapaku.cz\/galerie\/index.php?\/tags\/lubos_lobo_kujinek&quot;&gt;Lubo&scaron; Lobo Kuj&iacute;nek&lt;\/a&gt; &lt;a href=&quot;https:\/\/bal-v-lapaku.cz\/galerie\/index.php?\/tags\/otvirani_studanek&quot;&gt;Otv&iacute;r&aacute;n&iacute; stud&aacute;nek&lt;\/a&gt; &lt;a href=&quot;https:\/\/bal-v-lapaku.cz\/galerie\/index.php?\/tags\/kronika&quot;&gt;kronika&lt;\/a&gt; &lt;a href=&quot;https:\/\/bal-v-lapaku.cz\/galerie\/index.php?\/tags\/nova_rise&quot;&gt;Nov&aacute; \u0158&iacute;&scaron;e&lt;\/a&gt; &lt;a href=&quot;https:\/\/bal-v-lapaku.cz\/galerie\/index.php?\/tags\/svatba&quot;&gt;svatba&lt;\/a&gt; 23.5.1980 00:00&lt;a download=&quot;&quot; href=https:\/\/bal-v-lapaku.cz\/galerie\/upload\/2024\/01\/23\/20240123171035-192a8d10.jpg target=&quot;_blank&quot; title=&quot;St&aacute;hnout origin&aacute;l&quot; class=&quot;stahnout&quot;&gt;&lt;img src=&quot;\/fotky\/themes\/bootstrap_darkroom\/img\/sipka_stahni.svg&quot;&gt; st&aacute;hnout&lt;\/a&gt;' data-original='https:\/\/bal-v-lapaku.cz\/galerie\/upload\/2024\/01\/23\/20240123171035-192a8d10.jpg' href='https:\/\/bal-v-lapaku.cz\/galerie\/i.php?\/upload\/2024\/01\/23\/20240123171035-192a8d10-xl.jpg' title='23.5.1980 00:00'  data-fancybox='gallery' class=''><img src='https:\/\/bal-v-lapaku.cz\/galerie\/i.php?\/upload\/2024\/01\/23\/20240123171035-192a8d10-th.jpg' style='display:none !important; width: 0px; height: 0px;'><\/a>\r\n<a data-caption='&lt;a href=&quot;https:\/\/bal-v-lapaku.cz\/galerie\/index.php?\/tags\/pavel_komanc_nekvasil&quot;&gt;Pavel Koman\u010d Nekvasil&lt;\/a&gt; &lt;a href=&quot;https:\/\/bal-v-lapaku.cz\/galerie\/index.php?\/tags\/hana_siska_kolarova&quot;&gt;Hana &Scaron;i&scaron;ka Kol&aacute;\u0159ov&aacute;&lt;\/a&gt; &lt;a href=&quot;https:\/\/bal-v-lapaku.cz\/galerie\/index.php?\/tags\/bob_mejzlik&quot;&gt;Bob Mejzl&iacute;k&lt;\/a&gt; &lt;a href=&quot;https:\/\/bal-v-lapaku.cz\/galerie\/index.php?\/tags\/ladislav_jippo_nemec&quot;&gt;Ladislav Jippo N\u011bmec&lt;\/a&gt; &lt;a href=&quot;https:\/\/bal-v-lapaku.cz\/galerie\/index.php?\/tags\/fanda_nekvasilova&quot;&gt;Fanda Nekvasilov&aacute;&lt;\/a&gt; &lt;a href=&quot;https:\/\/bal-v-lapaku.cz\/galerie\/index.php?\/tags\/lubos_lobo_kujinek&quot;&gt;Lubo&scaron; Lobo Kuj&iacute;nek&lt;\/a&gt; &lt;a href=&quot;https:\/\/bal-v-lapaku.cz\/galerie\/index.php?\/tags\/hanka_fojtikova&quot;&gt;Hanka Fojt&iacute;kov&aacute;&lt;\/a&gt; &lt;a href=&quot;https:\/\/bal-v-lapaku.cz\/galerie\/index.php?\/tags\/matej_kolar&quot;&gt;Mat\u011bj Kol&aacute;\u0159&lt;\/a&gt; &lt;a href=&quot;https:\/\/bal-v-lapaku.cz\/galerie\/index.php?\/tags\/jarda_pavlicek&quot;&gt;Jarda Pavl&iacute;\u010dek&lt;\/a&gt; &lt;a href=&quot;https:\/\/bal-v-lapaku.cz\/galerie\/index.php?\/tags\/otvirani_studanek&quot;&gt;Otv&iacute;r&aacute;n&iacute; stud&aacute;nek&lt;\/a&gt; &lt;a href=&quot;https:\/\/bal-v-lapaku.cz\/galerie\/index.php?\/tags\/hovnous&quot;&gt;Hov\u0148ous&lt;\/a&gt; &lt;a href=&quot;https:\/\/bal-v-lapaku.cz\/galerie\/index.php?\/tags\/risa_nemec&quot;&gt;R&iacute;&scaron;a N\u011bmec&lt;\/a&gt; &lt;a href=&quot;https:\/\/bal-v-lapaku.cz\/galerie\/index.php?\/tags\/nova_rise&quot;&gt;Nov&aacute; \u0158&iacute;&scaron;e&lt;\/a&gt; &lt;a href=&quot;https:\/\/bal-v-lapaku.cz\/galerie\/index.php?\/tags\/svatba&quot;&gt;svatba&lt;\/a&gt; 24.5.1980 00:00 Foto: Milan Medv\u011bd Kol&aacute;\u0159&lt;a download=&quot;&quot; href=https:\/\/bal-v-lapaku.cz\/galerie\/upload\/2025\/01\/25\/20250125225220-801459bc.jpg target=&quot;_blank&quot; title=&quot;St&aacute;hnout origin&aacute;l&quot; class=&quot;stahnout&quot;&gt;&lt;img src=&quot;\/fotky\/themes\/bootstrap_darkroom\/img\/sipka_stahni.svg&quot;&gt; st&aacute;hnout&lt;\/a&gt;' data-original='https:\/\/bal-v-lapaku.cz\/galerie\/upload\/2025\/01\/25\/20250125225220-801459bc.jpg' href='https:\/\/bal-v-lapaku.cz\/galerie\/i.php?\/upload\/2025\/01\/25\/20250125225220-801459bc-xl.jpg' title='24.5.1980 00:00 Foto: Milan Medv\u011bd Kol\u00e1\u0159'  data-fancybox='gallery' class=''><img src='https:\/\/bal-v-lapaku.cz\/galerie\/i.php?\/upload\/2025\/01\/25\/20250125225220-801459bc-th.jpg' style='display:none !important; width: 0px; height: 0px;'><\/a>\r\n<a data-caption='&lt;a href=&quot;https:\/\/bal-v-lapaku.cz\/galerie\/index.php?\/tags\/hana_siska_kolarova&quot;&gt;Hana &Scaron;i&scaron;ka Kol&aacute;\u0159ov&aacute;&lt;\/a&gt; &lt;a href=&quot;https:\/\/bal-v-lapaku.cz\/galerie\/index.php?\/tags\/bob_mejzlik&quot;&gt;Bob Mejzl&iacute;k&lt;\/a&gt; &lt;a href=&quot;https:\/\/bal-v-lapaku.cz\/galerie\/index.php?\/tags\/dana_jezka_tomanova&quot;&gt;Dana Je\u017eka Tomanov&aacute;&lt;\/a&gt; &lt;a href=&quot;https:\/\/bal-v-lapaku.cz\/galerie\/index.php?\/tags\/kveta_mrazkova&quot;&gt;Kv\u011bta Mr&aacute;zkov&aacute;&lt;\/a&gt; &lt;a href=&quot;https:\/\/bal-v-lapaku.cz\/galerie\/index.php?\/tags\/lendy_nemcova&quot;&gt;Lendy N\u011bmcov&aacute;&lt;\/a&gt; &lt;a href=&quot;https:\/\/bal-v-lapaku.cz\/galerie\/index.php?\/tags\/matej_kolar&quot;&gt;Mat\u011bj Kol&aacute;\u0159&lt;\/a&gt; &lt;a href=&quot;https:\/\/bal-v-lapaku.cz\/galerie\/index.php?\/tags\/otvirani_studanek&quot;&gt;Otv&iacute;r&aacute;n&iacute; stud&aacute;nek&lt;\/a&gt; &lt;a href=&quot;https:\/\/bal-v-lapaku.cz\/galerie\/index.php?\/tags\/hovnous&quot;&gt;Hov\u0148ous&lt;\/a&gt; 24.5.1980 14:00&lt;a download=&quot;&quot; href=https:\/\/bal-v-lapaku.cz\/galerie\/upload\/2023\/11\/28\/20231128231315-067add29.jpg target=&quot;_blank&quot; title=&quot;St&aacute;hnout origin&aacute;l&quot; class=&quot;stahnout&quot;&gt;&lt;img src=&quot;\/fotky\/themes\/bootstrap_darkroom\/img\/sipka_stahni.svg&quot;&gt; st&aacute;hnout&lt;\/a&gt;' data-original='https:\/\/bal-v-lapaku.cz\/galerie\/upload\/2023\/11\/28\/20231128231315-067add29.jpg' href='https:\/\/bal-v-lapaku.cz\/galerie\/i.php?\/upload\/2023\/11\/28\/20231128231315-067add29-xl.jpg' title='24.5.1980 14:00'  data-fancybox='gallery' class=''><img src='https:\/\/bal-v-lapaku.cz\/galerie\/i.php?\/upload\/2023\/11\/28\/20231128231315-067add29-th.jpg' style='display:none !important; width: 0px; height: 0px;'><\/a>\r\n<a data-caption='&lt;a href=&quot;https:\/\/bal-v-lapaku.cz\/galerie\/index.php?\/tags\/hana_siska_kolarova&quot;&gt;Hana &Scaron;i&scaron;ka Kol&aacute;\u0159ov&aacute;&lt;\/a&gt; &lt;a href=&quot;https:\/\/bal-v-lapaku.cz\/galerie\/index.php?\/tags\/otvirani_studanek&quot;&gt;Otv&iacute;r&aacute;n&iacute; stud&aacute;nek&lt;\/a&gt; &lt;a href=&quot;https:\/\/bal-v-lapaku.cz\/galerie\/index.php?\/tags\/hovnous&quot;&gt;Hov\u0148ous&lt;\/a&gt; &lt;a href=&quot;https:\/\/bal-v-lapaku.cz\/galerie\/index.php?\/tags\/svatba&quot;&gt;svatba&lt;\/a&gt; 24.5.1980 14:00&lt;a download=&quot;&quot; href=https:\/\/bal-v-lapaku.cz\/galerie\/upload\/2023\/11\/28\/20231128231321-82742f1a.jpg target=&quot;_blank&quot; title=&quot;St&aacute;hnout origin&aacute;l&quot; class=&quot;stahnout&quot;&gt;&lt;img src=&quot;\/fotky\/themes\/bootstrap_darkroom\/img\/sipka_stahni.svg&quot;&gt; st&aacute;hnout&lt;\/a&gt;' data-original='https:\/\/bal-v-lapaku.cz\/galerie\/upload\/2023\/11\/28\/20231128231321-82742f1a.jpg' href='https:\/\/bal-v-lapaku.cz\/galerie\/i.php?\/upload\/2023\/11\/28\/20231128231321-82742f1a-xl.jpg' title='24.5.1980 14:00'  data-fancybox='gallery' class=''><img src='https:\/\/bal-v-lapaku.cz\/galerie\/i.php?\/upload\/2023\/11\/28\/20231128231321-82742f1a-th.jpg' style='display:none !important; width: 0px; height: 0px;'><\/a>\r\n<a data-caption='&lt;a href=&quot;https:\/\/bal-v-lapaku.cz\/galerie\/index.php?\/tags\/hana_siska_kolarova&quot;&gt;Hana &Scaron;i&scaron;ka Kol&aacute;\u0159ov&aacute;&lt;\/a&gt; &lt;a href=&quot;https:\/\/bal-v-lapaku.cz\/galerie\/index.php?\/tags\/fanda_nekvasilova&quot;&gt;Fanda Nekvasilov&aacute;&lt;\/a&gt; &lt;a href=&quot;https:\/\/bal-v-lapaku.cz\/galerie\/index.php?\/tags\/lubos_lobo_kujinek&quot;&gt;Lubo&scaron; Lobo Kuj&iacute;nek&lt;\/a&gt; &lt;a href=&quot;https:\/\/bal-v-lapaku.cz\/galerie\/index.php?\/tags\/otvirani_studanek&quot;&gt;Otv&iacute;r&aacute;n&iacute; stud&aacute;nek&lt;\/a&gt; 24.5.1980 14:00&lt;a download=&quot;&quot; href=https:\/\/bal-v-lapaku.cz\/galerie\/upload\/2023\/11\/28\/20231128231331-52c429a5.jpg target=&quot;_blank&quot; title=&quot;St&aacute;hnout origin&aacute;l&quot; class=&quot;stahnout&quot;&gt;&lt;img src=&quot;\/fotky\/themes\/bootstrap_darkroom\/img\/sipka_stahni.svg&quot;&gt; st&aacute;hnout&lt;\/a&gt;' data-original='https:\/\/bal-v-lapaku.cz\/galerie\/upload\/2023\/11\/28\/20231128231331-52c429a5.jpg' href='https:\/\/bal-v-lapaku.cz\/galerie\/i.php?\/upload\/2023\/11\/28\/20231128231331-52c429a5-xl.jpg' title='24.5.1980 14:00'  data-fancybox='gallery' class=''><img src='https:\/\/bal-v-lapaku.cz\/galerie\/i.php?\/upload\/2023\/11\/28\/20231128231331-52c429a5-th.jpg' style='display:none !important; width: 0px; height: 0px;'><\/a>\r\n<a data-caption='&lt;a href=&quot;https:\/\/bal-v-lapaku.cz\/galerie\/index.php?\/tags\/hana_siska_kolarova&quot;&gt;Hana &Scaron;i&scaron;ka Kol&aacute;\u0159ov&aacute;&lt;\/a&gt; &lt;a href=&quot;https:\/\/bal-v-lapaku.cz\/galerie\/index.php?\/tags\/milan_medved_kolar&quot;&gt;Milan Medv\u011bd Kol&aacute;\u0159&lt;\/a&gt; &lt;a href=&quot;https:\/\/bal-v-lapaku.cz\/galerie\/index.php?\/tags\/kaja_kolar&quot;&gt;K&aacute;ja Kol&aacute;\u0159&lt;\/a&gt; &lt;a href=&quot;https:\/\/bal-v-lapaku.cz\/galerie\/index.php?\/tags\/matej_kolar&quot;&gt;Mat\u011bj Kol&aacute;\u0159&lt;\/a&gt; &lt;a href=&quot;https:\/\/bal-v-lapaku.cz\/galerie\/index.php?\/tags\/otvirani_studanek&quot;&gt;Otv&iacute;r&aacute;n&iacute; stud&aacute;nek&lt;\/a&gt; &lt;a href=&quot;https:\/\/bal-v-lapaku.cz\/galerie\/index.php?\/tags\/svatba&quot;&gt;svatba&lt;\/a&gt; 24.5.1980 14:00&lt;a download=&quot;&quot; href=https:\/\/bal-v-lapaku.cz\/galerie\/upload\/2023\/11\/28\/20231128231333-11cbc2d7.jpg target=&quot;_blank&quot; title=&quot;St&aacute;hnout origin&aacute;l&quot; class=&quot;stahnout&quot;&gt;&lt;img src=&quot;\/fotky\/themes\/bootstrap_darkroom\/img\/sipka_stahni.svg&quot;&gt; st&aacute;hnout&lt;\/a&gt;' data-original='https:\/\/bal-v-lapaku.cz\/galerie\/upload\/2023\/11\/28\/20231128231333-11cbc2d7.jpg' href='https:\/\/bal-v-lapaku.cz\/galerie\/i.php?\/upload\/2023\/11\/28\/20231128231333-11cbc2d7-xl.jpg' title='24.5.1980 14:00'  data-fancybox='gallery' class=''><img src='https:\/\/bal-v-lapaku.cz\/galerie\/i.php?\/upload\/2023\/11\/28\/20231128231333-11cbc2d7-th.jpg' style='display:none !important; width: 0px; height: 0px;'><\/a>\r\n<a data-caption='&lt;a href=&quot;https:\/\/bal-v-lapaku.cz\/galerie\/index.php?\/tags\/hana_siska_kolarova&quot;&gt;Hana &Scaron;i&scaron;ka Kol&aacute;\u0159ov&aacute;&lt;\/a&gt; &lt;a href=&quot;https:\/\/bal-v-lapaku.cz\/galerie\/index.php?\/tags\/lada_jirku&quot;&gt;L&aacute;da Jirk\u016f&lt;\/a&gt; &lt;a href=&quot;https:\/\/bal-v-lapaku.cz\/galerie\/index.php?\/tags\/vera_svika_nemcanska&quot;&gt;V\u011bra &Scaron;v&iacute;ka N\u011bm\u010dansk&aacute;&lt;\/a&gt; &lt;a href=&quot;https:\/\/bal-v-lapaku.cz\/galerie\/index.php?\/tags\/dana_jezka_tomanova&quot;&gt;Dana Je\u017eka Tomanov&aacute;&lt;\/a&gt; &lt;a href=&quot;https:\/\/bal-v-lapaku.cz\/galerie\/index.php?\/tags\/ladislav_jippo_nemec&quot;&gt;Ladislav Jippo N\u011bmec&lt;\/a&gt; &lt;a href=&quot;https:\/\/bal-v-lapaku.cz\/galerie\/index.php?\/tags\/kveta_mrazkova&quot;&gt;Kv\u011bta Mr&aacute;zkov&aacute;&lt;\/a&gt; &lt;a href=&quot;https:\/\/bal-v-lapaku.cz\/galerie\/index.php?\/tags\/lendy_nemcova&quot;&gt;Lendy N\u011bmcov&aacute;&lt;\/a&gt; &lt;a href=&quot;https:\/\/bal-v-lapaku.cz\/galerie\/index.php?\/tags\/matej_kolar&quot;&gt;Mat\u011bj Kol&aacute;\u0159&lt;\/a&gt; &lt;a href=&quot;https:\/\/bal-v-lapaku.cz\/galerie\/index.php?\/tags\/otvirani_studanek&quot;&gt;Otv&iacute;r&aacute;n&iacute; stud&aacute;nek&lt;\/a&gt; 24.5.1980 15:00 Foto: Milan Medv\u011bd Kol&aacute;\u0159&lt;a download=&quot;&quot; href=https:\/\/bal-v-lapaku.cz\/galerie\/upload\/2023\/11\/09\/20231109234719-a7f040bf.jpg target=&quot;_blank&quot; title=&quot;St&aacute;hnout origin&aacute;l&quot; class=&quot;stahnout&quot;&gt;&lt;img src=&quot;\/fotky\/themes\/bootstrap_darkroom\/img\/sipka_stahni.svg&quot;&gt; st&aacute;hnout&lt;\/a&gt;' data-original='https:\/\/bal-v-lapaku.cz\/galerie\/upload\/2023\/11\/09\/20231109234719-a7f040bf.jpg' href='https:\/\/bal-v-lapaku.cz\/galerie\/i.php?\/upload\/2023\/11\/09\/20231109234719-a7f040bf-xl.jpg' title='24.5.1980 15:00 Foto: Milan Medv\u011bd Kol\u00e1\u0159'  data-fancybox='gallery' class=''><img src='https:\/\/bal-v-lapaku.cz\/galerie\/i.php?\/upload\/2023\/11\/09\/20231109234719-a7f040bf-th.jpg' style='display:none !important; width: 0px; height: 0px;'><\/a>\r\n<a data-caption='&lt;a href=&quot;https:\/\/bal-v-lapaku.cz\/galerie\/index.php?\/tags\/hana_siska_kolarova&quot;&gt;Hana &Scaron;i&scaron;ka Kol&aacute;\u0159ov&aacute;&lt;\/a&gt; &lt;a href=&quot;https:\/\/bal-v-lapaku.cz\/galerie\/index.php?\/tags\/vera_svika_nemcanska&quot;&gt;V\u011bra &Scaron;v&iacute;ka N\u011bm\u010dansk&aacute;&lt;\/a&gt; &lt;a href=&quot;https:\/\/bal-v-lapaku.cz\/galerie\/index.php?\/tags\/fanda_nekvasilova&quot;&gt;Fanda Nekvasilov&aacute;&lt;\/a&gt; &lt;a href=&quot;https:\/\/bal-v-lapaku.cz\/galerie\/index.php?\/tags\/lubos_lobo_kujinek&quot;&gt;Lubo&scaron; Lobo Kuj&iacute;nek&lt;\/a&gt; &lt;a href=&quot;https:\/\/bal-v-lapaku.cz\/galerie\/index.php?\/tags\/otvirani_studanek&quot;&gt;Otv&iacute;r&aacute;n&iacute; stud&aacute;nek&lt;\/a&gt; 24.5.1980 15:00 Foto: Milan Medv\u011bd Kol&aacute;\u0159&lt;a download=&quot;&quot; href=https:\/\/bal-v-lapaku.cz\/galerie\/upload\/2023\/11\/09\/20231109234714-be942ef8.jpg target=&quot;_blank&quot; title=&quot;St&aacute;hnout origin&aacute;l&quot; class=&quot;stahnout&quot;&gt;&lt;img src=&quot;\/fotky\/themes\/bootstrap_darkroom\/img\/sipka_stahni.svg&quot;&gt; st&aacute;hnout&lt;\/a&gt;' data-original='https:\/\/bal-v-lapaku.cz\/galerie\/upload\/2023\/11\/09\/20231109234714-be942ef8.jpg' href='https:\/\/bal-v-lapaku.cz\/galerie\/i.php?\/upload\/2023\/11\/09\/20231109234714-be942ef8-xl.jpg' title='24.5.1980 15:00 Foto: Milan Medv\u011bd Kol\u00e1\u0159'  data-fancybox='gallery' class=''><img src='https:\/\/bal-v-lapaku.cz\/galerie\/i.php?\/upload\/2023\/11\/09\/20231109234714-be942ef8-th.jpg' style='display:none !important; width: 0px; height: 0px;'><\/a>\r\n<a data-caption='&lt;a href=&quot;https:\/\/bal-v-lapaku.cz\/galerie\/index.php?\/tags\/hana_siska_kolarova&quot;&gt;Hana &Scaron;i&scaron;ka Kol&aacute;\u0159ov&aacute;&lt;\/a&gt; &lt;a href=&quot;https:\/\/bal-v-lapaku.cz\/galerie\/index.php?\/tags\/matej_kolar&quot;&gt;Mat\u011bj Kol&aacute;\u0159&lt;\/a&gt; &lt;a href=&quot;https:\/\/bal-v-lapaku.cz\/galerie\/index.php?\/tags\/otvirani_studanek&quot;&gt;Otv&iacute;r&aacute;n&iacute; stud&aacute;nek&lt;\/a&gt; &lt;a href=&quot;https:\/\/bal-v-lapaku.cz\/galerie\/index.php?\/tags\/svatba&quot;&gt;svatba&lt;\/a&gt; 24.5.1980 16:00 Foto: Milan Medv\u011bd Kol&aacute;\u0159&lt;a download=&quot;&quot; href=https:\/\/bal-v-lapaku.cz\/galerie\/upload\/2023\/11\/10\/20231110170848-910f336b.jpg target=&quot;_blank&quot; title=&quot;St&aacute;hnout origin&aacute;l&quot; class=&quot;stahnout&quot;&gt;&lt;img src=&quot;\/fotky\/themes\/bootstrap_darkroom\/img\/sipka_stahni.svg&quot;&gt; st&aacute;hnout&lt;\/a&gt;' data-original='https:\/\/bal-v-lapaku.cz\/galerie\/upload\/2023\/11\/10\/20231110170848-910f336b.jpg' href='https:\/\/bal-v-lapaku.cz\/galerie\/i.php?\/upload\/2023\/11\/10\/20231110170848-910f336b-xl.jpg' title='24.5.1980 16:00 Foto: Milan Medv\u011bd Kol\u00e1\u0159'  data-fancybox='gallery' class=''><img src='https:\/\/bal-v-lapaku.cz\/galerie\/i.php?\/upload\/2023\/11\/10\/20231110170848-910f336b-th.jpg' style='display:none !important; width: 0px; height: 0px;'><\/a>\r\n<a data-caption='&lt;a href=&quot;https:\/\/bal-v-lapaku.cz\/galerie\/index.php?\/tags\/hana_siska_kolarova&quot;&gt;Hana &Scaron;i&scaron;ka Kol&aacute;\u0159ov&aacute;&lt;\/a&gt; &lt;a href=&quot;https:\/\/bal-v-lapaku.cz\/galerie\/index.php?\/tags\/matej_kolar&quot;&gt;Mat\u011bj Kol&aacute;\u0159&lt;\/a&gt; &lt;a href=&quot;https:\/\/bal-v-lapaku.cz\/galerie\/index.php?\/tags\/otvirani_studanek&quot;&gt;Otv&iacute;r&aacute;n&iacute; stud&aacute;nek&lt;\/a&gt; &lt;a href=&quot;https:\/\/bal-v-lapaku.cz\/galerie\/index.php?\/tags\/frantisek_redak_jirku&quot;&gt;Franti&scaron;ek Re\u010f&aacute;k Jirk\u016f&lt;\/a&gt; 24.5.1980 16:00 Foto: Milan Medv\u011bd Kol&aacute;\u0159&lt;a download=&quot;&quot; href=https:\/\/bal-v-lapaku.cz\/galerie\/upload\/2023\/11\/10\/20231110170857-bacd0d3b.jpg target=&quot;_blank&quot; title=&quot;St&aacute;hnout origin&aacute;l&quot; class=&quot;stahnout&quot;&gt;&lt;img src=&quot;\/fotky\/themes\/bootstrap_darkroom\/img\/sipka_stahni.svg&quot;&gt; st&aacute;hnout&lt;\/a&gt;' data-original='https:\/\/bal-v-lapaku.cz\/galerie\/upload\/2023\/11\/10\/20231110170857-bacd0d3b.jpg' href='https:\/\/bal-v-lapaku.cz\/galerie\/i.php?\/upload\/2023\/11\/10\/20231110170857-bacd0d3b-xl.jpg' title='24.5.1980 16:00 Foto: Milan Medv\u011bd Kol\u00e1\u0159'  data-fancybox='gallery' class=''><img src='https:\/\/bal-v-lapaku.cz\/galerie\/i.php?\/upload\/2023\/11\/10\/20231110170857-bacd0d3b-th.jpg' style='display:none !important; width: 0px; height: 0px;'><\/a>\r\n<a data-caption='&lt;a href=&quot;https:\/\/bal-v-lapaku.cz\/galerie\/index.php?\/tags\/hana_siska_kolarova&quot;&gt;Hana &Scaron;i&scaron;ka Kol&aacute;\u0159ov&aacute;&lt;\/a&gt; &lt;a href=&quot;https:\/\/bal-v-lapaku.cz\/galerie\/index.php?\/tags\/fanda_nekvasilova&quot;&gt;Fanda Nekvasilov&aacute;&lt;\/a&gt; &lt;a href=&quot;https:\/\/bal-v-lapaku.cz\/galerie\/index.php?\/tags\/lubos_lobo_kujinek&quot;&gt;Lubo&scaron; Lobo Kuj&iacute;nek&lt;\/a&gt; &lt;a href=&quot;https:\/\/bal-v-lapaku.cz\/galerie\/index.php?\/tags\/otvirani_studanek&quot;&gt;Otv&iacute;r&aacute;n&iacute; stud&aacute;nek&lt;\/a&gt; 24.5.1980 16:00 Foto: Milan Medv\u011bd Kol&aacute;\u0159&lt;a download=&quot;&quot; href=https:\/\/bal-v-lapaku.cz\/galerie\/upload\/2023\/11\/10\/20231110170903-22db8308.jpg target=&quot;_blank&quot; title=&quot;St&aacute;hnout origin&aacute;l&quot; class=&quot;stahnout&quot;&gt;&lt;img src=&quot;\/fotky\/themes\/bootstrap_darkroom\/img\/sipka_stahni.svg&quot;&gt; st&aacute;hnout&lt;\/a&gt;' data-original='https:\/\/bal-v-lapaku.cz\/galerie\/upload\/2023\/11\/10\/20231110170903-22db8308.jpg' href='https:\/\/bal-v-lapaku.cz\/galerie\/i.php?\/upload\/2023\/11\/10\/20231110170903-22db8308-xl.jpg' title='24.5.1980 16:00 Foto: Milan Medv\u011bd Kol\u00e1\u0159'  data-fancybox='gallery' class=''><img src='https:\/\/bal-v-lapaku.cz\/galerie\/i.php?\/upload\/2023\/11\/10\/20231110170903-22db8308-th.jpg' style='display:none !important; width: 0px; height: 0px;'><\/a>\r\n<a data-caption='&lt;a href=&quot;https:\/\/bal-v-lapaku.cz\/galerie\/index.php?\/tags\/hana_siska_kolarova&quot;&gt;Hana &Scaron;i&scaron;ka Kol&aacute;\u0159ov&aacute;&lt;\/a&gt; &lt;a href=&quot;https:\/\/bal-v-lapaku.cz\/galerie\/index.php?\/tags\/matej_kolar&quot;&gt;Mat\u011bj Kol&aacute;\u0159&lt;\/a&gt; &lt;a href=&quot;https:\/\/bal-v-lapaku.cz\/galerie\/index.php?\/tags\/otvirani_studanek&quot;&gt;Otv&iacute;r&aacute;n&iacute; stud&aacute;nek&lt;\/a&gt; &lt;a href=&quot;https:\/\/bal-v-lapaku.cz\/galerie\/index.php?\/tags\/veznicka&quot;&gt;V\u011b\u017eni\u010dka&lt;\/a&gt; &lt;a href=&quot;https:\/\/bal-v-lapaku.cz\/galerie\/index.php?\/tags\/rytirsko&quot;&gt;Ryt&iacute;\u0159sko&lt;\/a&gt; 30.5.1981 00:00 Foto: Milan Medv\u011bd Kol&aacute;\u0159&lt;a download=&quot;&quot; href=https:\/\/bal-v-lapaku.cz\/galerie\/upload\/2026\/02\/20\/20260220112305-064f8a89.png target=&quot;_blank&quot; title=&quot;St&aacute;hnout origin&aacute;l&quot; class=&quot;stahnout&quot;&gt;&lt;img src=&quot;\/fotky\/themes\/bootstrap_darkroom\/img\/sipka_stahni.svg&quot;&gt; st&aacute;hnout&lt;\/a&gt;' data-original='https:\/\/bal-v-lapaku.cz\/galerie\/upload\/2026\/02\/20\/20260220112305-064f8a89.png' href='https:\/\/bal-v-lapaku.cz\/galerie\/i.php?\/upload\/2026\/02\/20\/20260220112305-064f8a89-xl.png' title='30.5.1981 00:00 Foto: Milan Medv\u011bd Kol\u00e1\u0159'  data-fancybox='gallery' class=''><img src='https:\/\/bal-v-lapaku.cz\/galerie\/i.php?\/upload\/2026\/02\/20\/20260220112305-064f8a89-th.png' style='display:none !important; width: 0px; height: 0px;'><\/a>\r\n<a data-caption='&lt;a href=&quot;https:\/\/bal-v-lapaku.cz\/galerie\/index.php?\/tags\/hana_siska_kolarova&quot;&gt;Hana &Scaron;i&scaron;ka Kol&aacute;\u0159ov&aacute;&lt;\/a&gt; &lt;a href=&quot;https:\/\/bal-v-lapaku.cz\/galerie\/index.php?\/tags\/otvirani_studanek&quot;&gt;Otv&iacute;r&aacute;n&iacute; stud&aacute;nek&lt;\/a&gt; &lt;a href=&quot;https:\/\/bal-v-lapaku.cz\/galerie\/index.php?\/tags\/pankovsko&quot;&gt;P&aacute;nkovsko&lt;\/a&gt; 27.5.2023 00:00 Foto: Milan Medv\u011bd Kol&aacute;\u0159&lt;a download=&quot;&quot; href=https:\/\/bal-v-lapaku.cz\/galerie\/upload\/2026\/01\/17\/20260117232655-317b77db.jpg target=&quot;_blank&quot; title=&quot;St&aacute;hnout origin&aacute;l&quot; class=&quot;stahnout&quot;&gt;&lt;img src=&quot;\/fotky\/themes\/bootstrap_darkroom\/img\/sipka_stahni.svg&quot;&gt; st&aacute;hnout&lt;\/a&gt;' data-original='https:\/\/bal-v-lapaku.cz\/galerie\/upload\/2026\/01\/17\/20260117232655-317b77db.jpg' href='https:\/\/bal-v-lapaku.cz\/galerie\/i.php?\/upload\/2026\/01\/17\/20260117232655-317b77db-xl.jpg' title='27.5.2023 00:00 Foto: Milan Medv\u011bd Kol\u00e1\u0159'  data-fancybox='gallery' class=''><img src='https:\/\/bal-v-lapaku.cz\/galerie\/i.php?\/upload\/2026\/01\/17\/20260117232655-317b77db-th.jpg' style='display:none !important; width: 0px; height: 0px;'><\/a>\r\n<a data-caption='&lt;a href=&quot;https:\/\/bal-v-lapaku.cz\/galerie\/index.php?\/tags\/hana_siska_kolarova&quot;&gt;Hana &Scaron;i&scaron;ka Kol&aacute;\u0159ov&aacute;&lt;\/a&gt; &lt;a href=&quot;https:\/\/bal-v-lapaku.cz\/galerie\/index.php?\/tags\/otvirani_studanek&quot;&gt;Otv&iacute;r&aacute;n&iacute; stud&aacute;nek&lt;\/a&gt; &lt;a href=&quot;https:\/\/bal-v-lapaku.cz\/galerie\/index.php?\/tags\/pankovsko&quot;&gt;P&aacute;nkovsko&lt;\/a&gt; 27.5.2023 00:00 Foto: Milan Medv\u011bd Kol&aacute;\u0159&lt;a download=&quot;&quot; href=https:\/\/bal-v-lapaku.cz\/galerie\/upload\/2026\/01\/17\/20260117232656-f62965b1.jpg target=&quot;_blank&quot; title=&quot;St&aacute;hnout origin&aacute;l&quot; class=&quot;stahnout&quot;&gt;&lt;img src=&quot;\/fotky\/themes\/bootstrap_darkroom\/img\/sipka_stahni.svg&quot;&gt; st&aacute;hnout&lt;\/a&gt;' data-original='https:\/\/bal-v-lapaku.cz\/galerie\/upload\/2026\/01\/17\/20260117232656-f62965b1.jpg' href='https:\/\/bal-v-lapaku.cz\/galerie\/i.php?\/upload\/2026\/01\/17\/20260117232656-f62965b1-xl.jpg' title='27.5.2023 00:00 Foto: Milan Medv\u011bd Kol\u00e1\u0159'  data-fancybox='gallery' class=''><img src='https:\/\/bal-v-lapaku.cz\/galerie\/i.php?\/upload\/2026\/01\/17\/20260117232656-f62965b1-th.jpg' style='display:none !important; width: 0px; height: 0px;'><\/a>\r\n<a data-caption='&lt;a href=&quot;https:\/\/bal-v-lapaku.cz\/galerie\/index.php?\/tags\/hana_siska_kolarova&quot;&gt;Hana &Scaron;i&scaron;ka Kol&aacute;\u0159ov&aacute;&lt;\/a&gt; &lt;a href=&quot;https:\/\/bal-v-lapaku.cz\/galerie\/index.php?\/tags\/dana_jezka_tomanova&quot;&gt;Dana Je\u017eka Tomanov&aacute;&lt;\/a&gt; &lt;a href=&quot;https:\/\/bal-v-lapaku.cz\/galerie\/index.php?\/tags\/otvirani_studanek&quot;&gt;Otv&iacute;r&aacute;n&iacute; stud&aacute;nek&lt;\/a&gt; &lt;a href=&quot;https:\/\/bal-v-lapaku.cz\/galerie\/index.php?\/tags\/pankovsko&quot;&gt;P&aacute;nkovsko&lt;\/a&gt; &lt;a href=&quot;https:\/\/bal-v-lapaku.cz\/galerie\/index.php?\/tags\/sarka_kosinova&quot;&gt;&Scaron;&aacute;rka Kosinov&aacute;&lt;\/a&gt; 27.5.2023 00:00 Foto: Milan Medv\u011bd Kol&aacute;\u0159&lt;a download=&quot;&quot; href=https:\/\/bal-v-lapaku.cz\/galerie\/upload\/2026\/01\/17\/20260117232714-df33d4ef.jpg target=&quot;_blank&quot; title=&quot;St&aacute;hnout origin&aacute;l&quot; class=&quot;stahnout&quot;&gt;&lt;img src=&quot;\/fotky\/themes\/bootstrap_darkroom\/img\/sipka_stahni.svg&quot;&gt; st&aacute;hnout&lt;\/a&gt;' data-original='https:\/\/bal-v-lapaku.cz\/galerie\/upload\/2026\/01\/17\/20260117232714-df33d4ef.jpg' href='https:\/\/bal-v-lapaku.cz\/galerie\/i.php?\/upload\/2026\/01\/17\/20260117232714-df33d4ef-xl.jpg' title='27.5.2023 00:00 Foto: Milan Medv\u011bd Kol\u00e1\u0159'  data-fancybox='gallery' class=''><img src='https:\/\/bal-v-lapaku.cz\/galerie\/i.php?\/upload\/2026\/01\/17\/20260117232714-df33d4ef-th.jpg' style='display:none !important; width: 0px; height: 0px;'><\/a>\r\n<a data-caption='&lt;a href=&quot;https:\/\/bal-v-lapaku.cz\/galerie\/index.php?\/tags\/hana_siska_kolarova&quot;&gt;Hana &Scaron;i&scaron;ka Kol&aacute;\u0159ov&aacute;&lt;\/a&gt; &lt;a href=&quot;https:\/\/bal-v-lapaku.cz\/galerie\/index.php?\/tags\/otvirani_studanek&quot;&gt;Otv&iacute;r&aacute;n&iacute; stud&aacute;nek&lt;\/a&gt; &lt;a href=&quot;https:\/\/bal-v-lapaku.cz\/galerie\/index.php?\/tags\/pankovsko&quot;&gt;P&aacute;nkovsko&lt;\/a&gt; &lt;a href=&quot;https:\/\/bal-v-lapaku.cz\/galerie\/index.php?\/tags\/lenka_charvatova&quot;&gt;Lenka Charv&aacute;tov&aacute;&lt;\/a&gt; &lt;a href=&quot;https:\/\/bal-v-lapaku.cz\/galerie\/index.php?\/tags\/majda_cermakova&quot;&gt;Majda \u010cerm&aacute;kov&aacute;&lt;\/a&gt; 27.5.2023 00:00 Foto: Milan Medv\u011bd Kol&aacute;\u0159&lt;a download=&quot;&quot; href=https:\/\/bal-v-lapaku.cz\/galerie\/upload\/2026\/01\/17\/20260117232717-d597b8d7.jpg target=&quot;_blank&quot; title=&quot;St&aacute;hnout origin&aacute;l&quot; class=&quot;stahnout&quot;&gt;&lt;img src=&quot;\/fotky\/themes\/bootstrap_darkroom\/img\/sipka_stahni.svg&quot;&gt; st&aacute;hnout&lt;\/a&gt;' data-original='https:\/\/bal-v-lapaku.cz\/galerie\/upload\/2026\/01\/17\/20260117232717-d597b8d7.jpg' href='https:\/\/bal-v-lapaku.cz\/galerie\/i.php?\/upload\/2026\/01\/17\/20260117232717-d597b8d7-xl.jpg' title='27.5.2023 00:00 Foto: Milan Medv\u011bd Kol\u00e1\u0159'  data-fancybox='gallery' class=''><img src='https:\/\/bal-v-lapaku.cz\/galerie\/i.php?\/upload\/2026\/01\/17\/20260117232717-d597b8d7-th.jpg' style='display:none !important; width: 0px; height: 0px;'><\/a>\r\n<a data-caption='&lt;a href=&quot;https:\/\/bal-v-lapaku.cz\/galerie\/index.php?\/tags\/hana_siska_kolarova&quot;&gt;Hana &Scaron;i&scaron;ka Kol&aacute;\u0159ov&aacute;&lt;\/a&gt; &lt;a href=&quot;https:\/\/bal-v-lapaku.cz\/galerie\/index.php?\/tags\/otvirani_studanek&quot;&gt;Otv&iacute;r&aacute;n&iacute; stud&aacute;nek&lt;\/a&gt; &lt;a href=&quot;https:\/\/bal-v-lapaku.cz\/galerie\/index.php?\/tags\/pankovsko&quot;&gt;P&aacute;nkovsko&lt;\/a&gt; &lt;a href=&quot;https:\/\/bal-v-lapaku.cz\/galerie\/index.php?\/tags\/stazka_charvatova&quot;&gt;St&aacute;zka Charv&aacute;tov&aacute;&lt;\/a&gt; &lt;a href=&quot;https:\/\/bal-v-lapaku.cz\/galerie\/index.php?\/tags\/lenka_charvatova&quot;&gt;Lenka Charv&aacute;tov&aacute;&lt;\/a&gt; &lt;a href=&quot;https:\/\/bal-v-lapaku.cz\/galerie\/index.php?\/tags\/zdenda_charvat&quot;&gt;Zdenda Charv&aacute;t&lt;\/a&gt; 27.5.2023 00:00 Foto: Milan Medv\u011bd Kol&aacute;\u0159&lt;a download=&quot;&quot; href=https:\/\/bal-v-lapaku.cz\/galerie\/upload\/2026\/01\/17\/20260117232724-4b0b4630.jpg target=&quot;_blank&quot; title=&quot;St&aacute;hnout origin&aacute;l&quot; class=&quot;stahnout&quot;&gt;&lt;img src=&quot;\/fotky\/themes\/bootstrap_darkroom\/img\/sipka_stahni.svg&quot;&gt; st&aacute;hnout&lt;\/a&gt;' data-original='https:\/\/bal-v-lapaku.cz\/galerie\/upload\/2026\/01\/17\/20260117232724-4b0b4630.jpg' href='https:\/\/bal-v-lapaku.cz\/galerie\/i.php?\/upload\/2026\/01\/17\/20260117232724-4b0b4630-xl.jpg' title='27.5.2023 00:00 Foto: Milan Medv\u011bd Kol\u00e1\u0159'  data-fancybox='gallery' class=''><img src='https:\/\/bal-v-lapaku.cz\/galerie\/i.php?\/upload\/2026\/01\/17\/20260117232724-4b0b4630-th.jpg' style='display:none !important; width: 0px; height: 0px;'><\/a>\r\n<\/div><\/div>\r\n\t<script src=\"\/includes\/jquery.collagePlus.min.js\"><\/script>\r\n\t<script src=\"\/includes\/jquery.removeWhitespace.min.js\"><\/script>\r\n\t<script>\r\n\t   function collage() {\r\n\t\t\tjQuery(\".collage\").css(\"background\", \"none\");\t\t\t\r\n\t\t\tjQuery( \".galerie_tb\" ).fadeTo( \"slow\" , 1, function() {\r\n\t\t\t\/\/ Animation complete.\r\n\t\t\t});\r\n\t\t\t\/* postupn\u011b\r\n\t\t\tjQuery(\".galerie_tb\").each(function(i) {\r\n\t\t\tvar initialDelay = i * 50;\r\n\t\t\t\tjQuery(this).delay(initialDelay).fadeTo( \"slow\" , 1, function() {\r\n\t\t\t\t\/\/ Animation complete.\r\n\t\t\t\t});\r\n\t\t\t});\r\n\t\t\t*\/\r\n\t\t\tjQuery(\".zbytek_fotek1\").css(\"opacity\", \"100%\");\r\n\t\t\tjQuery(\".collage\").removeWhitespace().collagePlus(\r\n\t\t\t\t{\r\n\t\t\t\t\t\"fadeSpeed\"     : 200,\r\n\t\t\t\t\t\"allowPartialLastRow\": true,\r\n\t\t\t\t\t\"targetHeight\"  : 100\r\n\t\t\t\t}\r\n\t\t\t);\r\n\t\t};\r\n\r\n\r\n\t\t\r\n\tjQuery(window).load(function () {\r\n\t jQuery(document).ready(function(){\r\n\t\t\t\tcollage();           \r\n\t\t\t});\r\n\t});\r\n\t var resizeTimer = null;\r\n\t\tjQuery(window).bind(\"resize\", function() {        \r\n\t\t\tif (resizeTimer) clearTimeout(resizeTimer);\r\n\t\t\tresizeTimer = setTimeout(collage, 200);\r\n\t\t});\r\n\t<\/script>\n<\/div>\n<\/div>\n<\/div>\n\n\n\n<div class=\"wp-block-column foto-sloupec is-layout-flow wp-block-column-is-layout-flow\">\n<figure class=\"wp-block-image aligncenter size-large\"><a href=\"https:\/\/bal-v-lapaku.cz\/galerie\/_data\/i\/upload\/2026\/01\/13\/20260113155916-548e876e-xl.png\"><img decoding=\"async\" src=\"https:\/\/bal-v-lapaku.cz\/galerie\/_data\/i\/upload\/2026\/01\/13\/20260113155916-548e876e-xl.png\" alt=\"\" style=\"object-fit:cover\" title=\"\u0160i\u0161ka p\u0159i otv\u00edr\u00e1n\u00ed stud\u00e1nek\"\/><\/a><\/figure>\n<\/div>\n<\/div>\n","protected":false},"excerpt":{"rendered":"<p>1977 &#8211; doposud Zvl\u00e1\u0161tn\u00ed m\u00edsto mezi v\u0161emi trampsk\u00fdmi akcemi, potlachy a vandry m\u011blo \u201eOtv\u00edr\u00e1n\u00ed stud\u00e1nek\u201c, kter\u00e9 jsme podle star\u00fdch zvyk\u016f a podle p\u0159edlohy textu od Miloslava Bure\u0161e za\u010dali pravideln\u011b po\u0159\u00e1dat i my tramp\u00edci. \u0160i\u0161ka byla ur\u010dit\u011b alespo\u0148 jednou kr\u00e1lovni\u010dkou, kter\u00e1 poklekla na \u0161\u00e1tek rozprost\u0159en\u00fd, pono\u0159ila d\u017eb\u00e1n do st\u0159\u00edbrn\u00e9 p\u011bny, pak do v\u0161ech sv\u011bta stran vodu [&hellip;]<\/p>\n","protected":false},"author":1,"featured_media":1830,"comment_status":"open","ping_status":"open","sticky":false,"template":"i-ka-p-sp-vky","format":"standard","meta":{"fifu_image_url":"https:\/\/bal-v-lapaku.cz\/galerie\/_data\/i\/upload\/2026\/01\/13\/20260113155916-548e876e-cu_s9999x200.png","fifu_image_alt":"","footnotes":""},"categories":[2],"tags":[],"class_list":["post-1515","post","type-post","status-publish","format-standard","has-post-thumbnail","hentry","category-siska"],"_links":{"self":[{"href":"https:\/\/kolarovi.rohozna.net\/wp\/wp-json\/wp\/v2\/posts\/1515","targetHints":{"allow":["GET"]}}],"collection":[{"href":"https:\/\/kolarovi.rohozna.net\/wp\/wp-json\/wp\/v2\/posts"}],"about":[{"href":"https:\/\/kolarovi.rohozna.net\/wp\/wp-json\/wp\/v2\/types\/post"}],"author":[{"embeddable":true,"href":"https:\/\/kolarovi.rohozna.net\/wp\/wp-json\/wp\/v2\/users\/1"}],"replies":[{"embeddable":true,"href":"https:\/\/kolarovi.rohozna.net\/wp\/wp-json\/wp\/v2\/comments?post=1515"}],"version-history":[{"count":9,"href":"https:\/\/kolarovi.rohozna.net\/wp\/wp-json\/wp\/v2\/posts\/1515\/revisions"}],"predecessor-version":[{"id":2236,"href":"https:\/\/kolarovi.rohozna.net\/wp\/wp-json\/wp\/v2\/posts\/1515\/revisions\/2236"}],"wp:featuredmedia":[{"embeddable":true,"href":"https:\/\/kolarovi.rohozna.net\/wp\/wp-json\/wp\/v2\/media\/1830"}],"wp:attachment":[{"href":"https:\/\/kolarovi.rohozna.net\/wp\/wp-json\/wp\/v2\/media?parent=1515"}],"wp:term":[{"taxonomy":"category","embeddable":true,"href":"https:\/\/kolarovi.rohozna.net\/wp\/wp-json\/wp\/v2\/categories?post=1515"},{"taxonomy":"post_tag","embeddable":true,"href":"https:\/\/kolarovi.rohozna.net\/wp\/wp-json\/wp\/v2\/tags?post=1515"}],"curies":[{"name":"wp","href":"https:\/\/api.w.org\/{rel}","templated":true}]}}