{"id":1745,"date":"1979-01-18T18:53:17","date_gmt":"1979-01-18T17:53:17","guid":{"rendered":"https:\/\/kolarovi.rohozna.net\/wp\/?p=1745"},"modified":"2026-04-23T13:15:21","modified_gmt":"2026-04-23T11:15:21","slug":"jak-se-nam-narodil-matej","status":"publish","type":"post","link":"https:\/\/kolarovi.rohozna.net\/wp\/siska\/jak-se-nam-narodil-matej","title":{"rendered":"Jak se n\u00e1m narodil Mat\u011bj"},"content":{"rendered":"\n<h4 class=\"wp-block-heading has-text-align-center datumovka has-large-font-size\">18. ledna <strong><strong>1979<\/strong><\/strong><\/h4>\n\n\n\n<div class=\"wp-block-columns is-layout-flex wp-container-core-columns-is-layout-28f84493 wp-block-columns-is-layout-flex\">\n<div class=\"wp-block-column text-sloupec is-layout-flow wp-block-column-is-layout-flow\">\n<div class=\"wp-block-group text-sloupec is-vertical is-layout-flex wp-container-core-group-is-layout-fe9cc265 wp-block-group-is-layout-flex\">\n<p>Po v\u00e1no\u010dn\u00edch sv\u00e1tc\u00edch jsme jeli se \u0160i\u0161kou v po\u017eehnan\u00e9m stavu do Karlov\u00fdch Var\u016f, aby rodila doma. Jeli jsme vlakem. Vydr\u017eel jsem ve Varech a\u017e do Silvestra, ale toho u\u017e jsem odjel slavit s kamar\u00e1dy do Vrbna pod Prad\u011bdem. Tehdy je\u0161t\u011b nebylo v\u016fbec b\u011b\u017en\u00e9, \u017ee se u\u017e dop\u0159edu v\u00ed, jestli to bude kluk nebo holka. Tak se na spole\u010dn\u00e9 oslav\u011b s kamar\u00e1dy tipovalo. <a href=\"https:\/\/bal-v-lapaku.cz\/galerie\/index.php\/category\/33#&amp;gid=1&amp;pid=51\"><\/a><a href=\"https:\/\/bal-v-lapaku.cz\/galerie\/index.php\/category\/33#&amp;gid=1&amp;pid=51\" target=\"_blank\" rel=\"noreferrer noopener\">Z\u00e1pis<\/a> jsem nalezl v jedn\u00e9 star\u00e9 kronice a chvilku nech\u00e1pal, o co tam \u0161lo. Vypad\u00e1 to, \u017ee je to text, kter\u00fd n\u00e1m poslala \u0160i\u0161ka, kter\u00fd si vymyslela, proto\u017ee n\u00e1s dob\u0159e znala a v\u011bd\u011bla, jak to bude prob\u00edhat, a \u017ee jsem ten text do t\u00e9 kroniky jenom p\u0159epsal. A po Silvestru (ano byl to ten slavn\u00fd Silvestr, kdy bylo hezky a teplo a do r\u00e1na mrzlo a\u017e pra\u0161t\u011blo a byla velk\u00e1 kalamita) u\u017e jsem musel do pr\u00e1ce. Pracoval jsem v JZD ve Zho\u0159i a doj\u00ed\u017ed\u011bl tam autobusem z Jihlavy, kde jsem p\u0159e\u017e\u00edval u rodi\u010d\u016f. Se \u0160i\u0161kou jsme nem\u011bli kde bydlet. A narodil se n\u00e1m ten nejkr\u00e1sn\u011bj\u0161\u00ed chlape\u010dek na sv\u011bt\u011b. Tak \u0160i\u0161ka s mali\u010dk\u00fdm Mat\u00fdskem byli zat\u00edm u rodi\u010d\u016f ve Varech. J\u00e1 jsem za nimi jezdil o v\u00edkendech a sna\u017eil se v Jihlav\u011b o n\u011bjak\u00e9 bydlen\u00ed, kam by se za mnou mohli vr\u00e1tit. To v\u0161ak nebylo v\u016fbec snadn\u00e9. (Ani ve snu m\u011b nenapadlo, \u017ee u\u017e m\u00e1m v t\u00e9hle dob\u011b normalizace d\u00e1vno \u0161mouhu v materi\u00e1lech \u2013 proto\u017ee jsem po\u0159\u00e1dal koncert Jardy Hutky a dal\u0161\u00edch jemu podobn\u00fdch \u2013 a \u017ee soudruzi a\u017e do doby sv\u00e9ho konce budou pe\u010dliv\u011b db\u00e1t na to, abych \u017e\u00e1dn\u00fd byt v Jihlav\u011b nedostal.)\u00a0<br><\/p>\n\n\n\n<div class=\"wp-block-group foto-pruh wp-container-content-9cfa9a5a is-vertical is-layout-flex wp-container-core-group-is-layout-fed7e1b2 wp-block-group-is-layout-flex\"><div class=\"galerie_fotek alignwide\">\r\n\t<h2>Galerie<\/h2>\r\n\t<div class=\"collage\"><a data-caption='&lt;a href=&quot;https:\/\/kolarovi.rohozna.net\/fotky\/index.php?\/tags\/hanka_siska_kolarova&quot;&gt;Hanka &Scaron;i&scaron;ka Kol&aacute;\u0159ov&aacute;&lt;\/a&gt; &lt;a href=&quot;https:\/\/kolarovi.rohozna.net\/fotky\/index.php?\/tags\/karlovy_vary&quot;&gt;Karlovy Vary&lt;\/a&gt; &lt;a href=&quot;https:\/\/kolarovi.rohozna.net\/fotky\/index.php?\/tags\/sadova_kolonada&quot;&gt;Sadov&aacute; kolon&aacute;da&lt;\/a&gt; 29.12.1978 00:00 Foto: Milan Medv\u011bd Kol&aacute;\u0159&lt;a download=&quot;&quot; href=https:\/\/kolarovi.rohozna.net\/fotky\/\/upload\/2025\/12\/20\/20251220224518-2d3622a0.jpg target=&quot;_blank&quot; title=&quot;St&aacute;hnout origin&aacute;l&quot; class=&quot;stahnout&quot;&gt;&lt;img src=&quot;\/fotky\/themes\/bootstrap_darkroom\/img\/sipka_stahni.svg&quot;&gt; st&aacute;hnout&lt;\/a&gt;' data-original='https:\/\/kolarovi.rohozna.net\/fotky\/\/upload\/2025\/12\/20\/20251220224518-2d3622a0.jpg' href='https:\/\/kolarovi.rohozna.net\/fotky\/\/i.php?\/upload\/2025\/12\/20\/20251220224518-2d3622a0-xl.jpg' title='29.12.1978 00:00 Foto: Milan Medv\u011bd Kol\u00e1\u0159'  data-fancybox='gallery' class=''><img src='https:\/\/kolarovi.rohozna.net\/fotky\/\/i.php?\/upload\/2025\/12\/20\/20251220224518-2d3622a0-th.jpg' alt='29.12.1978 00:00 Foto: Milan Medv\u011bd Kol\u00e1\u0159' style='height:100px;' class='galerie_tb'><\/a>\r\n<a data-caption='&lt;a href=&quot;https:\/\/kolarovi.rohozna.net\/fotky\/index.php?\/tags\/hanka_siska_kolarova&quot;&gt;Hanka &Scaron;i&scaron;ka Kol&aacute;\u0159ov&aacute;&lt;\/a&gt; &lt;a href=&quot;https:\/\/kolarovi.rohozna.net\/fotky\/index.php?\/tags\/karlovy_vary&quot;&gt;Karlovy Vary&lt;\/a&gt; &lt;a href=&quot;https:\/\/kolarovi.rohozna.net\/fotky\/index.php?\/tags\/sadova_kolonada&quot;&gt;Sadov&aacute; kolon&aacute;da&lt;\/a&gt; 29.12.1978 00:00 Foto: Milan Medv\u011bd Kol&aacute;\u0159&lt;a download=&quot;&quot; href=https:\/\/kolarovi.rohozna.net\/fotky\/\/upload\/2025\/12\/20\/20251220224519-4eedc5b8.jpg target=&quot;_blank&quot; title=&quot;St&aacute;hnout origin&aacute;l&quot; class=&quot;stahnout&quot;&gt;&lt;img src=&quot;\/fotky\/themes\/bootstrap_darkroom\/img\/sipka_stahni.svg&quot;&gt; st&aacute;hnout&lt;\/a&gt;' data-original='https:\/\/kolarovi.rohozna.net\/fotky\/\/upload\/2025\/12\/20\/20251220224519-4eedc5b8.jpg' href='https:\/\/kolarovi.rohozna.net\/fotky\/\/i.php?\/upload\/2025\/12\/20\/20251220224519-4eedc5b8-xl.jpg' title='29.12.1978 00:00 Foto: Milan Medv\u011bd Kol\u00e1\u0159'  data-fancybox='gallery' class=''><img src='https:\/\/kolarovi.rohozna.net\/fotky\/\/i.php?\/upload\/2025\/12\/20\/20251220224519-4eedc5b8-th.jpg' alt='29.12.1978 00:00 Foto: Milan Medv\u011bd Kol\u00e1\u0159' style='height:100px;' class='galerie_tb'><\/a>\r\n<a data-caption='&lt;a href=&quot;https:\/\/kolarovi.rohozna.net\/fotky\/index.php?\/tags\/hanka_siska_kolarova&quot;&gt;Hanka &Scaron;i&scaron;ka Kol&aacute;\u0159ov&aacute;&lt;\/a&gt; &lt;a href=&quot;https:\/\/kolarovi.rohozna.net\/fotky\/index.php?\/tags\/karlovy_vary&quot;&gt;Karlovy Vary&lt;\/a&gt; 29.12.1978 00:00 Foto: Milan Medv\u011bd Kol&aacute;\u0159&lt;a download=&quot;&quot; href=https:\/\/kolarovi.rohozna.net\/fotky\/\/upload\/2025\/12\/20\/20251220224519-6cb600d6.jpg target=&quot;_blank&quot; title=&quot;St&aacute;hnout origin&aacute;l&quot; class=&quot;stahnout&quot;&gt;&lt;img src=&quot;\/fotky\/themes\/bootstrap_darkroom\/img\/sipka_stahni.svg&quot;&gt; st&aacute;hnout&lt;\/a&gt;' data-original='https:\/\/kolarovi.rohozna.net\/fotky\/\/upload\/2025\/12\/20\/20251220224519-6cb600d6.jpg' href='https:\/\/kolarovi.rohozna.net\/fotky\/\/i.php?\/upload\/2025\/12\/20\/20251220224519-6cb600d6-xl.jpg' title='29.12.1978 00:00 Foto: Milan Medv\u011bd Kol\u00e1\u0159'  data-fancybox='gallery' class=''><img src='https:\/\/kolarovi.rohozna.net\/fotky\/\/i.php?\/upload\/2025\/12\/20\/20251220224519-6cb600d6-th.jpg' alt='29.12.1978 00:00 Foto: Milan Medv\u011bd Kol\u00e1\u0159' style='height:100px;' class='galerie_tb'><\/a>\r\n<a data-caption='&lt;a href=&quot;https:\/\/kolarovi.rohozna.net\/fotky\/index.php?\/tags\/hanka_siska_kolarova&quot;&gt;Hanka &Scaron;i&scaron;ka Kol&aacute;\u0159ov&aacute;&lt;\/a&gt; &lt;a href=&quot;https:\/\/kolarovi.rohozna.net\/fotky\/index.php?\/tags\/karlovy_vary&quot;&gt;Karlovy Vary&lt;\/a&gt; &lt;a href=&quot;https:\/\/kolarovi.rohozna.net\/fotky\/index.php?\/tags\/thermal&quot;&gt;Therm&aacute;l&lt;\/a&gt; 29.12.1978 00:00 Foto: Milan Medv\u011bd Kol&aacute;\u0159&lt;a download=&quot;&quot; href=https:\/\/kolarovi.rohozna.net\/fotky\/\/upload\/2025\/12\/20\/20251220224520-833f45a3.jpg target=&quot;_blank&quot; title=&quot;St&aacute;hnout origin&aacute;l&quot; class=&quot;stahnout&quot;&gt;&lt;img src=&quot;\/fotky\/themes\/bootstrap_darkroom\/img\/sipka_stahni.svg&quot;&gt; st&aacute;hnout&lt;\/a&gt;' data-original='https:\/\/kolarovi.rohozna.net\/fotky\/\/upload\/2025\/12\/20\/20251220224520-833f45a3.jpg' href='https:\/\/kolarovi.rohozna.net\/fotky\/\/i.php?\/upload\/2025\/12\/20\/20251220224520-833f45a3-xl.jpg' title='29.12.1978 00:00 Foto: Milan Medv\u011bd Kol\u00e1\u0159'  data-fancybox='gallery' class=''><img src='https:\/\/kolarovi.rohozna.net\/fotky\/\/i.php?\/upload\/2025\/12\/20\/20251220224520-833f45a3-th.jpg' alt='29.12.1978 00:00 Foto: Milan Medv\u011bd Kol\u00e1\u0159' style='height:100px;' class='galerie_tb'><\/a>\r\n<a data-caption='&lt;a href=&quot;https:\/\/kolarovi.rohozna.net\/fotky\/index.php?\/tags\/hanka_siska_kolarova&quot;&gt;Hanka &Scaron;i&scaron;ka Kol&aacute;\u0159ov&aacute;&lt;\/a&gt; &lt;a href=&quot;https:\/\/kolarovi.rohozna.net\/fotky\/index.php?\/tags\/karlovy_vary&quot;&gt;Karlovy Vary&lt;\/a&gt; 29.12.1978 00:00 Foto: Milan Medv\u011bd Kol&aacute;\u0159&lt;a download=&quot;&quot; href=https:\/\/kolarovi.rohozna.net\/fotky\/\/upload\/2025\/12\/20\/20251220224520-b895a8a5.jpg target=&quot;_blank&quot; title=&quot;St&aacute;hnout origin&aacute;l&quot; class=&quot;stahnout&quot;&gt;&lt;img src=&quot;\/fotky\/themes\/bootstrap_darkroom\/img\/sipka_stahni.svg&quot;&gt; st&aacute;hnout&lt;\/a&gt;' data-original='https:\/\/kolarovi.rohozna.net\/fotky\/\/upload\/2025\/12\/20\/20251220224520-b895a8a5.jpg' href='https:\/\/kolarovi.rohozna.net\/fotky\/\/i.php?\/upload\/2025\/12\/20\/20251220224520-b895a8a5-xl.jpg' title='29.12.1978 00:00 Foto: Milan Medv\u011bd Kol\u00e1\u0159'  data-fancybox='gallery' class=''><img src='https:\/\/kolarovi.rohozna.net\/fotky\/\/i.php?\/upload\/2025\/12\/20\/20251220224520-b895a8a5-th.jpg' alt='29.12.1978 00:00 Foto: Milan Medv\u011bd Kol\u00e1\u0159' style='height:100px;' class='galerie_tb'><\/a>\r\n<a data-caption='&lt;a href=&quot;https:\/\/kolarovi.rohozna.net\/fotky\/index.php?\/tags\/hanka_siska_kolarova&quot;&gt;Hanka &Scaron;i&scaron;ka Kol&aacute;\u0159ov&aacute;&lt;\/a&gt; &lt;a href=&quot;https:\/\/kolarovi.rohozna.net\/fotky\/index.php?\/tags\/karlovy_vary&quot;&gt;Karlovy Vary&lt;\/a&gt; 29.12.1978 00:00 Foto: Milan Medv\u011bd Kol&aacute;\u0159&lt;a download=&quot;&quot; href=https:\/\/kolarovi.rohozna.net\/fotky\/\/upload\/2025\/12\/20\/20251220224520-ebaa6196.jpg target=&quot;_blank&quot; title=&quot;St&aacute;hnout origin&aacute;l&quot; class=&quot;stahnout&quot;&gt;&lt;img src=&quot;\/fotky\/themes\/bootstrap_darkroom\/img\/sipka_stahni.svg&quot;&gt; st&aacute;hnout&lt;\/a&gt;' data-original='https:\/\/kolarovi.rohozna.net\/fotky\/\/upload\/2025\/12\/20\/20251220224520-ebaa6196.jpg' href='https:\/\/kolarovi.rohozna.net\/fotky\/\/i.php?\/upload\/2025\/12\/20\/20251220224520-ebaa6196-xl.jpg' title='29.12.1978 00:00 Foto: Milan Medv\u011bd Kol\u00e1\u0159'  data-fancybox='gallery' class=''><img src='https:\/\/kolarovi.rohozna.net\/fotky\/\/i.php?\/upload\/2025\/12\/20\/20251220224520-ebaa6196-th.jpg' alt='29.12.1978 00:00 Foto: Milan Medv\u011bd Kol\u00e1\u0159' style='height:100px;' class='galerie_tb'><\/a>\r\n<a data-caption='&lt;a href=&quot;https:\/\/kolarovi.rohozna.net\/fotky\/index.php?\/tags\/hanka_siska_kolarova&quot;&gt;Hanka &Scaron;i&scaron;ka Kol&aacute;\u0159ov&aacute;&lt;\/a&gt; &lt;a href=&quot;https:\/\/kolarovi.rohozna.net\/fotky\/index.php?\/tags\/karlovy_vary&quot;&gt;Karlovy Vary&lt;\/a&gt; 29.12.1978 00:00 Foto: Milan Medv\u011bd Kol&aacute;\u0159&lt;a download=&quot;&quot; href=https:\/\/kolarovi.rohozna.net\/fotky\/\/upload\/2025\/12\/20\/20251220224521-e3f5a52b.jpg target=&quot;_blank&quot; title=&quot;St&aacute;hnout origin&aacute;l&quot; class=&quot;stahnout&quot;&gt;&lt;img src=&quot;\/fotky\/themes\/bootstrap_darkroom\/img\/sipka_stahni.svg&quot;&gt; st&aacute;hnout&lt;\/a&gt;' data-original='https:\/\/kolarovi.rohozna.net\/fotky\/\/upload\/2025\/12\/20\/20251220224521-e3f5a52b.jpg' href='https:\/\/kolarovi.rohozna.net\/fotky\/\/i.php?\/upload\/2025\/12\/20\/20251220224521-e3f5a52b-xl.jpg' title='29.12.1978 00:00 Foto: Milan Medv\u011bd Kol\u00e1\u0159'  data-fancybox='gallery' class=''><img src='https:\/\/kolarovi.rohozna.net\/fotky\/\/i.php?\/upload\/2025\/12\/20\/20251220224521-e3f5a52b-th.jpg' alt='29.12.1978 00:00 Foto: Milan Medv\u011bd Kol\u00e1\u0159' style='height:100px;' class='galerie_tb'><\/a>\r\n<a data-caption='&lt;a href=&quot;https:\/\/kolarovi.rohozna.net\/fotky\/index.php?\/tags\/hanka_siska_kolarova&quot;&gt;Hanka &Scaron;i&scaron;ka Kol&aacute;\u0159ov&aacute;&lt;\/a&gt; &lt;a href=&quot;https:\/\/kolarovi.rohozna.net\/fotky\/index.php?\/tags\/matej_kolar&quot;&gt;Mat\u011bj Kol&aacute;\u0159&lt;\/a&gt; &lt;a href=&quot;https:\/\/kolarovi.rohozna.net\/fotky\/index.php?\/tags\/milan_medved_kolar&quot;&gt;Milan Medv\u011bd Kol&aacute;\u0159&lt;\/a&gt; 18.1.1979 11:01 Foto: Milan Medv\u011bd Kol&aacute;\u0159&lt;a download=&quot;&quot; href=https:\/\/kolarovi.rohozna.net\/fotky\/\/upload\/2026\/02\/24\/20260224110254-54220b6f.jpg target=&quot;_blank&quot; title=&quot;St&aacute;hnout origin&aacute;l&quot; class=&quot;stahnout&quot;&gt;&lt;img src=&quot;\/fotky\/themes\/bootstrap_darkroom\/img\/sipka_stahni.svg&quot;&gt; st&aacute;hnout&lt;\/a&gt;' data-original='https:\/\/kolarovi.rohozna.net\/fotky\/\/upload\/2026\/02\/24\/20260224110254-54220b6f.jpg' href='https:\/\/kolarovi.rohozna.net\/fotky\/\/i.php?\/upload\/2026\/02\/24\/20260224110254-54220b6f-xl.jpg' title='18.1.1979 11:01 Foto: Milan Medv\u011bd Kol\u00e1\u0159'  data-fancybox='gallery' class=''><img src='https:\/\/kolarovi.rohozna.net\/fotky\/\/i.php?\/upload\/2026\/02\/24\/20260224110254-54220b6f-th.jpg' alt='18.1.1979 11:01 Foto: Milan Medv\u011bd Kol\u00e1\u0159' style='height:100px;' class='galerie_tb'><\/a>\r\n<a data-caption='&lt;a href=&quot;https:\/\/kolarovi.rohozna.net\/fotky\/index.php?\/tags\/hanka_siska_kolarova&quot;&gt;Hanka &Scaron;i&scaron;ka Kol&aacute;\u0159ov&aacute;&lt;\/a&gt; &lt;a href=&quot;https:\/\/kolarovi.rohozna.net\/fotky\/index.php?\/tags\/karlovy_vary&quot;&gt;Karlovy Vary&lt;\/a&gt; 5.2.1979 00:00 Foto: Milan Medv\u011bd Kol&aacute;\u0159&lt;a download=&quot;&quot; href=https:\/\/kolarovi.rohozna.net\/fotky\/\/upload\/2025\/12\/20\/20251220224522-ec6523f8.jpg target=&quot;_blank&quot; title=&quot;St&aacute;hnout origin&aacute;l&quot; class=&quot;stahnout&quot;&gt;&lt;img src=&quot;\/fotky\/themes\/bootstrap_darkroom\/img\/sipka_stahni.svg&quot;&gt; st&aacute;hnout&lt;\/a&gt;' data-original='https:\/\/kolarovi.rohozna.net\/fotky\/\/upload\/2025\/12\/20\/20251220224522-ec6523f8.jpg' href='https:\/\/kolarovi.rohozna.net\/fotky\/\/i.php?\/upload\/2025\/12\/20\/20251220224522-ec6523f8-xl.jpg' title='5.2.1979 00:00 Foto: Milan Medv\u011bd Kol\u00e1\u0159'  data-fancybox='gallery' class=''><img src='https:\/\/kolarovi.rohozna.net\/fotky\/\/i.php?\/upload\/2025\/12\/20\/20251220224522-ec6523f8-th.jpg' alt='5.2.1979 00:00 Foto: Milan Medv\u011bd Kol\u00e1\u0159' style='height:100px;' class='galerie_tb'><\/a>\r\n<a data-caption='&lt;a href=&quot;https:\/\/kolarovi.rohozna.net\/fotky\/index.php?\/tags\/hanka_siska_kolarova&quot;&gt;Hanka &Scaron;i&scaron;ka Kol&aacute;\u0159ov&aacute;&lt;\/a&gt; &lt;a href=&quot;https:\/\/kolarovi.rohozna.net\/fotky\/index.php?\/tags\/karlovy_vary&quot;&gt;Karlovy Vary&lt;\/a&gt; 5.2.1979 00:00 Foto: Milan Medv\u011bd Kol&aacute;\u0159&lt;a download=&quot;&quot; href=https:\/\/kolarovi.rohozna.net\/fotky\/\/upload\/2025\/12\/20\/20251220224522-5686a4a5.jpg target=&quot;_blank&quot; title=&quot;St&aacute;hnout origin&aacute;l&quot; class=&quot;stahnout&quot;&gt;&lt;img src=&quot;\/fotky\/themes\/bootstrap_darkroom\/img\/sipka_stahni.svg&quot;&gt; st&aacute;hnout&lt;\/a&gt;' data-original='https:\/\/kolarovi.rohozna.net\/fotky\/\/upload\/2025\/12\/20\/20251220224522-5686a4a5.jpg' href='https:\/\/kolarovi.rohozna.net\/fotky\/\/i.php?\/upload\/2025\/12\/20\/20251220224522-5686a4a5-xl.jpg' title='5.2.1979 00:00 Foto: Milan Medv\u011bd Kol\u00e1\u0159'  data-fancybox='gallery' class='posledni'><img src='https:\/\/kolarovi.rohozna.net\/fotky\/\/i.php?\/upload\/2025\/12\/20\/20251220224522-5686a4a5-th.jpg' alt='5.2.1979 00:00 Foto: Milan Medv\u011bd Kol\u00e1\u0159' style='height:100px;' class='galerie_tb'><div class='zbytek_fotek1'>+ 8<\/div><\/a>\r\n<a data-caption='&lt;a href=&quot;https:\/\/kolarovi.rohozna.net\/fotky\/index.php?\/tags\/hanka_siska_kolarova&quot;&gt;Hanka &Scaron;i&scaron;ka Kol&aacute;\u0159ov&aacute;&lt;\/a&gt; &lt;a href=&quot;https:\/\/kolarovi.rohozna.net\/fotky\/index.php?\/tags\/karlovy_vary&quot;&gt;Karlovy Vary&lt;\/a&gt; 5.2.1979 00:00 Foto: Milan Medv\u011bd Kol&aacute;\u0159&lt;a download=&quot;&quot; href=https:\/\/kolarovi.rohozna.net\/fotky\/\/upload\/2025\/12\/20\/20251220224523-17fbd0f2.jpg target=&quot;_blank&quot; title=&quot;St&aacute;hnout origin&aacute;l&quot; class=&quot;stahnout&quot;&gt;&lt;img src=&quot;\/fotky\/themes\/bootstrap_darkroom\/img\/sipka_stahni.svg&quot;&gt; st&aacute;hnout&lt;\/a&gt;' data-original='https:\/\/kolarovi.rohozna.net\/fotky\/\/upload\/2025\/12\/20\/20251220224523-17fbd0f2.jpg' href='https:\/\/kolarovi.rohozna.net\/fotky\/\/i.php?\/upload\/2025\/12\/20\/20251220224523-17fbd0f2-xl.jpg' title='5.2.1979 00:00 Foto: Milan Medv\u011bd Kol\u00e1\u0159'  data-fancybox='gallery' class=''><img src='https:\/\/kolarovi.rohozna.net\/fotky\/\/i.php?\/upload\/2025\/12\/20\/20251220224523-17fbd0f2-th.jpg' style='display:none !important; width: 0px; height: 0px;'><\/a>\r\n<a data-caption='&lt;a href=&quot;https:\/\/kolarovi.rohozna.net\/fotky\/index.php?\/tags\/hanka_siska_kolarova&quot;&gt;Hanka &Scaron;i&scaron;ka Kol&aacute;\u0159ov&aacute;&lt;\/a&gt; &lt;a href=&quot;https:\/\/kolarovi.rohozna.net\/fotky\/index.php?\/tags\/karlovy_vary&quot;&gt;Karlovy Vary&lt;\/a&gt; 5.2.1979 00:00 Foto: Milan Medv\u011bd Kol&aacute;\u0159&lt;a download=&quot;&quot; href=https:\/\/kolarovi.rohozna.net\/fotky\/\/upload\/2025\/12\/20\/20251220224523-df87ca1b.jpg target=&quot;_blank&quot; title=&quot;St&aacute;hnout origin&aacute;l&quot; class=&quot;stahnout&quot;&gt;&lt;img src=&quot;\/fotky\/themes\/bootstrap_darkroom\/img\/sipka_stahni.svg&quot;&gt; st&aacute;hnout&lt;\/a&gt;' data-original='https:\/\/kolarovi.rohozna.net\/fotky\/\/upload\/2025\/12\/20\/20251220224523-df87ca1b.jpg' href='https:\/\/kolarovi.rohozna.net\/fotky\/\/i.php?\/upload\/2025\/12\/20\/20251220224523-df87ca1b-xl.jpg' title='5.2.1979 00:00 Foto: Milan Medv\u011bd Kol\u00e1\u0159'  data-fancybox='gallery' class=''><img src='https:\/\/kolarovi.rohozna.net\/fotky\/\/i.php?\/upload\/2025\/12\/20\/20251220224523-df87ca1b-th.jpg' style='display:none !important; width: 0px; height: 0px;'><\/a>\r\n<a data-caption='&lt;a href=&quot;https:\/\/kolarovi.rohozna.net\/fotky\/index.php?\/tags\/hanka_siska_kolarova&quot;&gt;Hanka &Scaron;i&scaron;ka Kol&aacute;\u0159ov&aacute;&lt;\/a&gt; &lt;a href=&quot;https:\/\/kolarovi.rohozna.net\/fotky\/index.php?\/tags\/matej_kolar&quot;&gt;Mat\u011bj Kol&aacute;\u0159&lt;\/a&gt; &lt;a href=&quot;https:\/\/kolarovi.rohozna.net\/fotky\/index.php?\/tags\/karlovy_vary&quot;&gt;Karlovy Vary&lt;\/a&gt; 5.2.1979 00:00 Foto: Milan Medv\u011bd Kol&aacute;\u0159&lt;a download=&quot;&quot; href=https:\/\/kolarovi.rohozna.net\/fotky\/\/upload\/2025\/12\/20\/20251220224524-0bcf076f.jpg target=&quot;_blank&quot; title=&quot;St&aacute;hnout origin&aacute;l&quot; class=&quot;stahnout&quot;&gt;&lt;img src=&quot;\/fotky\/themes\/bootstrap_darkroom\/img\/sipka_stahni.svg&quot;&gt; st&aacute;hnout&lt;\/a&gt;' data-original='https:\/\/kolarovi.rohozna.net\/fotky\/\/upload\/2025\/12\/20\/20251220224524-0bcf076f.jpg' href='https:\/\/kolarovi.rohozna.net\/fotky\/\/i.php?\/upload\/2025\/12\/20\/20251220224524-0bcf076f-xl.jpg' title='5.2.1979 00:00 Foto: Milan Medv\u011bd Kol\u00e1\u0159'  data-fancybox='gallery' class=''><img src='https:\/\/kolarovi.rohozna.net\/fotky\/\/i.php?\/upload\/2025\/12\/20\/20251220224524-0bcf076f-th.jpg' style='display:none !important; width: 0px; height: 0px;'><\/a>\r\n<a data-caption='&lt;a href=&quot;https:\/\/kolarovi.rohozna.net\/fotky\/index.php?\/tags\/hanka_siska_kolarova&quot;&gt;Hanka &Scaron;i&scaron;ka Kol&aacute;\u0159ov&aacute;&lt;\/a&gt; &lt;a href=&quot;https:\/\/kolarovi.rohozna.net\/fotky\/index.php?\/tags\/matej_kolar&quot;&gt;Mat\u011bj Kol&aacute;\u0159&lt;\/a&gt; &lt;a href=&quot;https:\/\/kolarovi.rohozna.net\/fotky\/index.php?\/tags\/karlovy_vary&quot;&gt;Karlovy Vary&lt;\/a&gt; 5.2.1979 00:00 Foto: Milan Medv\u011bd Kol&aacute;\u0159&lt;a download=&quot;&quot; href=https:\/\/kolarovi.rohozna.net\/fotky\/\/upload\/2025\/12\/20\/20251220224524-607ceaed.jpg target=&quot;_blank&quot; title=&quot;St&aacute;hnout origin&aacute;l&quot; class=&quot;stahnout&quot;&gt;&lt;img src=&quot;\/fotky\/themes\/bootstrap_darkroom\/img\/sipka_stahni.svg&quot;&gt; st&aacute;hnout&lt;\/a&gt;' data-original='https:\/\/kolarovi.rohozna.net\/fotky\/\/upload\/2025\/12\/20\/20251220224524-607ceaed.jpg' href='https:\/\/kolarovi.rohozna.net\/fotky\/\/i.php?\/upload\/2025\/12\/20\/20251220224524-607ceaed-xl.jpg' title='5.2.1979 00:00 Foto: Milan Medv\u011bd Kol\u00e1\u0159'  data-fancybox='gallery' class=''><img src='https:\/\/kolarovi.rohozna.net\/fotky\/\/i.php?\/upload\/2025\/12\/20\/20251220224524-607ceaed-th.jpg' style='display:none !important; width: 0px; height: 0px;'><\/a>\r\n<a data-caption='&lt;a href=&quot;https:\/\/kolarovi.rohozna.net\/fotky\/index.php?\/tags\/hanka_siska_kolarova&quot;&gt;Hanka &Scaron;i&scaron;ka Kol&aacute;\u0159ov&aacute;&lt;\/a&gt; &lt;a href=&quot;https:\/\/kolarovi.rohozna.net\/fotky\/index.php?\/tags\/matej_kolar&quot;&gt;Mat\u011bj Kol&aacute;\u0159&lt;\/a&gt; &lt;a href=&quot;https:\/\/kolarovi.rohozna.net\/fotky\/index.php?\/tags\/karlovy_vary&quot;&gt;Karlovy Vary&lt;\/a&gt; 5.2.1979 00:00 Foto: Milan Medv\u011bd Kol&aacute;\u0159&lt;a download=&quot;&quot; href=https:\/\/kolarovi.rohozna.net\/fotky\/\/upload\/2025\/12\/20\/20251220224524-723c8db3.jpg target=&quot;_blank&quot; title=&quot;St&aacute;hnout origin&aacute;l&quot; class=&quot;stahnout&quot;&gt;&lt;img src=&quot;\/fotky\/themes\/bootstrap_darkroom\/img\/sipka_stahni.svg&quot;&gt; st&aacute;hnout&lt;\/a&gt;' data-original='https:\/\/kolarovi.rohozna.net\/fotky\/\/upload\/2025\/12\/20\/20251220224524-723c8db3.jpg' href='https:\/\/kolarovi.rohozna.net\/fotky\/\/i.php?\/upload\/2025\/12\/20\/20251220224524-723c8db3-xl.jpg' title='5.2.1979 00:00 Foto: Milan Medv\u011bd Kol\u00e1\u0159'  data-fancybox='gallery' class=''><img src='https:\/\/kolarovi.rohozna.net\/fotky\/\/i.php?\/upload\/2025\/12\/20\/20251220224524-723c8db3-th.jpg' style='display:none !important; width: 0px; height: 0px;'><\/a>\r\n<a data-caption='&lt;a href=&quot;https:\/\/kolarovi.rohozna.net\/fotky\/index.php?\/tags\/hanka_siska_kolarova&quot;&gt;Hanka &Scaron;i&scaron;ka Kol&aacute;\u0159ov&aacute;&lt;\/a&gt; &lt;a href=&quot;https:\/\/kolarovi.rohozna.net\/fotky\/index.php?\/tags\/matej_kolar&quot;&gt;Mat\u011bj Kol&aacute;\u0159&lt;\/a&gt; &lt;a href=&quot;https:\/\/kolarovi.rohozna.net\/fotky\/index.php?\/tags\/karlovy_vary&quot;&gt;Karlovy Vary&lt;\/a&gt; 5.2.1979 00:00 Foto: Milan Medv\u011bd Kol&aacute;\u0159&lt;a download=&quot;&quot; href=https:\/\/kolarovi.rohozna.net\/fotky\/\/upload\/2025\/12\/20\/20251220224525-07e233b5.jpg target=&quot;_blank&quot; title=&quot;St&aacute;hnout origin&aacute;l&quot; class=&quot;stahnout&quot;&gt;&lt;img src=&quot;\/fotky\/themes\/bootstrap_darkroom\/img\/sipka_stahni.svg&quot;&gt; st&aacute;hnout&lt;\/a&gt;' data-original='https:\/\/kolarovi.rohozna.net\/fotky\/\/upload\/2025\/12\/20\/20251220224525-07e233b5.jpg' href='https:\/\/kolarovi.rohozna.net\/fotky\/\/i.php?\/upload\/2025\/12\/20\/20251220224525-07e233b5-xl.jpg' title='5.2.1979 00:00 Foto: Milan Medv\u011bd Kol\u00e1\u0159'  data-fancybox='gallery' class=''><img src='https:\/\/kolarovi.rohozna.net\/fotky\/\/i.php?\/upload\/2025\/12\/20\/20251220224525-07e233b5-th.jpg' style='display:none !important; width: 0px; height: 0px;'><\/a>\r\n<a data-caption='&lt;a href=&quot;https:\/\/kolarovi.rohozna.net\/fotky\/index.php?\/tags\/hanka_siska_kolarova&quot;&gt;Hanka &Scaron;i&scaron;ka Kol&aacute;\u0159ov&aacute;&lt;\/a&gt; &lt;a href=&quot;https:\/\/kolarovi.rohozna.net\/fotky\/index.php?\/tags\/matej_kolar&quot;&gt;Mat\u011bj Kol&aacute;\u0159&lt;\/a&gt; &lt;a href=&quot;https:\/\/kolarovi.rohozna.net\/fotky\/index.php?\/tags\/karlovy_vary&quot;&gt;Karlovy Vary&lt;\/a&gt; 5.2.1979 00:00 Foto: Milan Medv\u011bd Kol&aacute;\u0159&lt;a download=&quot;&quot; href=https:\/\/kolarovi.rohozna.net\/fotky\/\/upload\/2025\/12\/20\/20251220224525-33be068c.jpg target=&quot;_blank&quot; title=&quot;St&aacute;hnout origin&aacute;l&quot; class=&quot;stahnout&quot;&gt;&lt;img src=&quot;\/fotky\/themes\/bootstrap_darkroom\/img\/sipka_stahni.svg&quot;&gt; st&aacute;hnout&lt;\/a&gt;' data-original='https:\/\/kolarovi.rohozna.net\/fotky\/\/upload\/2025\/12\/20\/20251220224525-33be068c.jpg' href='https:\/\/kolarovi.rohozna.net\/fotky\/\/i.php?\/upload\/2025\/12\/20\/20251220224525-33be068c-xl.jpg' title='5.2.1979 00:00 Foto: Milan Medv\u011bd Kol\u00e1\u0159'  data-fancybox='gallery' class=''><img src='https:\/\/kolarovi.rohozna.net\/fotky\/\/i.php?\/upload\/2025\/12\/20\/20251220224525-33be068c-th.jpg' style='display:none !important; width: 0px; height: 0px;'><\/a>\r\n<a data-caption='&lt;a href=&quot;https:\/\/kolarovi.rohozna.net\/fotky\/index.php?\/tags\/hanka_siska_kolarova&quot;&gt;Hanka &Scaron;i&scaron;ka Kol&aacute;\u0159ov&aacute;&lt;\/a&gt; &lt;a href=&quot;https:\/\/kolarovi.rohozna.net\/fotky\/index.php?\/tags\/matej_kolar&quot;&gt;Mat\u011bj Kol&aacute;\u0159&lt;\/a&gt; &lt;a href=&quot;https:\/\/kolarovi.rohozna.net\/fotky\/index.php?\/tags\/karlovy_vary&quot;&gt;Karlovy Vary&lt;\/a&gt; 5.2.1979 00:00 Foto: Milan Medv\u011bd Kol&aacute;\u0159&lt;a download=&quot;&quot; href=https:\/\/kolarovi.rohozna.net\/fotky\/\/upload\/2025\/12\/20\/20251220224526-204c1128.jpg target=&quot;_blank&quot; title=&quot;St&aacute;hnout origin&aacute;l&quot; class=&quot;stahnout&quot;&gt;&lt;img src=&quot;\/fotky\/themes\/bootstrap_darkroom\/img\/sipka_stahni.svg&quot;&gt; st&aacute;hnout&lt;\/a&gt;' data-original='https:\/\/kolarovi.rohozna.net\/fotky\/\/upload\/2025\/12\/20\/20251220224526-204c1128.jpg' href='https:\/\/kolarovi.rohozna.net\/fotky\/\/i.php?\/upload\/2025\/12\/20\/20251220224526-204c1128-xl.jpg' title='5.2.1979 00:00 Foto: Milan Medv\u011bd Kol\u00e1\u0159'  data-fancybox='gallery' class=''><img src='https:\/\/kolarovi.rohozna.net\/fotky\/\/i.php?\/upload\/2025\/12\/20\/20251220224526-204c1128-th.jpg' style='display:none !important; width: 0px; height: 0px;'><\/a>\r\n<\/div><\/div>\r\n\t<script src=\"\/includes\/jquery.collagePlus.min.js\"><\/script>\r\n\t<script src=\"\/includes\/jquery.removeWhitespace.min.js\"><\/script>\r\n\t<script>\r\n\t   function collage() {\r\n\t\t\tjQuery(\".collage\").css(\"background\", \"none\");\t\t\t\r\n\t\t\tjQuery( \".galerie_tb\" ).fadeTo( \"slow\" , 1, function() {\r\n\t\t\t\/\/ Animation complete.\r\n\t\t\t});\r\n\t\t\t\/* postupn\u011b\r\n\t\t\tjQuery(\".galerie_tb\").each(function(i) {\r\n\t\t\tvar initialDelay = i * 50;\r\n\t\t\t\tjQuery(this).delay(initialDelay).fadeTo( \"slow\" , 1, function() {\r\n\t\t\t\t\/\/ Animation complete.\r\n\t\t\t\t});\r\n\t\t\t});\r\n\t\t\t*\/\r\n\t\t\tjQuery(\".zbytek_fotek1\").css(\"opacity\", \"100%\");\r\n\t\t\tjQuery(\".collage\").removeWhitespace().collagePlus(\r\n\t\t\t\t{\r\n\t\t\t\t\t\"fadeSpeed\"     : 200,\r\n\t\t\t\t\t\"allowPartialLastRow\": true,\r\n\t\t\t\t\t\"targetHeight\"  : 100\r\n\t\t\t\t}\r\n\t\t\t);\r\n\t\t};\r\n\r\n\r\n\t\t\r\n\tjQuery(window).load(function () {\r\n\t jQuery(document).ready(function(){\r\n\t\t\t\tcollage();           \r\n\t\t\t});\r\n\t});\r\n\t var resizeTimer = null;\r\n\t\tjQuery(window).bind(\"resize\", function() {        \r\n\t\t\tif (resizeTimer) clearTimeout(resizeTimer);\r\n\t\t\tresizeTimer = setTimeout(collage, 200);\r\n\t\t});\r\n\t<\/script>\n<\/div>\n<\/div>\n<\/div>\n\n\n\n<div class=\"wp-block-column is-vertically-aligned-center foto-sloupec is-layout-flow wp-block-column-is-layout-flow\" style=\"flex-basis:40%\">\n<figure class=\"wp-block-image aligncenter size-large\"><a href=\"https:\/\/kolarovi.rohozna.net\/fotky\/_data\/i\/upload\/2025\/12\/20\/20251220224526-204c1128-xl.jpg\"><img decoding=\"async\" src=\"https:\/\/kolarovi.rohozna.net\/fotky\/_data\/i\/upload\/2025\/12\/20\/20251220224526-204c1128-xl.jpg\" alt=\"\" style=\"object-fit:cover\" title=\"\u0160i\u0161ka s Mat\u011bjem\"\/><\/a><\/figure>\n<\/div>\n<\/div>\n","protected":false},"excerpt":{"rendered":"<p>18. ledna 1979 Po v\u00e1no\u010dn\u00edch sv\u00e1tc\u00edch jsme jeli se \u0160i\u0161kou v po\u017eehnan\u00e9m stavu do Karlov\u00fdch Var\u016f, aby rodila doma. Jeli jsme vlakem. Vydr\u017eel jsem ve Varech a\u017e do Silvestra, ale toho u\u017e jsem odjel slavit s kamar\u00e1dy do Vrbna pod Prad\u011bdem. Tehdy je\u0161t\u011b nebylo v\u016fbec b\u011b\u017en\u00e9, \u017ee se u\u017e dop\u0159edu v\u00ed, jestli to bude kluk [&hellip;]<\/p>\n","protected":false},"author":1,"featured_media":1748,"comment_status":"open","ping_status":"open","sticky":false,"template":"i-ka-p-sp-vky","format":"standard","meta":{"fifu_image_url":"https:\/\/kolarovi.rohozna.net\/fotky\/_data\/i\/upload\/2025\/12\/20\/20251220224526-204c1128-cu_s9999x200.jpg","fifu_image_alt":"","footnotes":""},"categories":[2],"tags":[],"class_list":["post-1745","post","type-post","status-publish","format-standard","has-post-thumbnail","hentry","category-siska"],"_links":{"self":[{"href":"https:\/\/kolarovi.rohozna.net\/wp\/wp-json\/wp\/v2\/posts\/1745","targetHints":{"allow":["GET"]}}],"collection":[{"href":"https:\/\/kolarovi.rohozna.net\/wp\/wp-json\/wp\/v2\/posts"}],"about":[{"href":"https:\/\/kolarovi.rohozna.net\/wp\/wp-json\/wp\/v2\/types\/post"}],"author":[{"embeddable":true,"href":"https:\/\/kolarovi.rohozna.net\/wp\/wp-json\/wp\/v2\/users\/1"}],"replies":[{"embeddable":true,"href":"https:\/\/kolarovi.rohozna.net\/wp\/wp-json\/wp\/v2\/comments?post=1745"}],"version-history":[{"count":10,"href":"https:\/\/kolarovi.rohozna.net\/wp\/wp-json\/wp\/v2\/posts\/1745\/revisions"}],"predecessor-version":[{"id":2244,"href":"https:\/\/kolarovi.rohozna.net\/wp\/wp-json\/wp\/v2\/posts\/1745\/revisions\/2244"}],"wp:featuredmedia":[{"embeddable":true,"href":"https:\/\/kolarovi.rohozna.net\/wp\/wp-json\/wp\/v2\/media\/1748"}],"wp:attachment":[{"href":"https:\/\/kolarovi.rohozna.net\/wp\/wp-json\/wp\/v2\/media?parent=1745"}],"wp:term":[{"taxonomy":"category","embeddable":true,"href":"https:\/\/kolarovi.rohozna.net\/wp\/wp-json\/wp\/v2\/categories?post=1745"},{"taxonomy":"post_tag","embeddable":true,"href":"https:\/\/kolarovi.rohozna.net\/wp\/wp-json\/wp\/v2\/tags?post=1745"}],"curies":[{"name":"wp","href":"https:\/\/api.w.org\/{rel}","templated":true}]}}