{"id":2221,"date":"1986-08-04T09:38:48","date_gmt":"1986-08-04T07:38:48","guid":{"rendered":"https:\/\/kolarovi.rohozna.net\/wp\/?p=2221"},"modified":"2026-04-22T09:41:50","modified_gmt":"2026-04-22T07:41:50","slug":"jak-se-nam-narodil-vojta","status":"publish","type":"post","link":"https:\/\/kolarovi.rohozna.net\/wp\/siska\/jak-se-nam-narodil-vojta","title":{"rendered":"Jak se n\u00e1m narodil Vojta"},"content":{"rendered":"\n<h4 class=\"wp-block-heading has-text-align-center datumovka has-large-font-size\">4. 8. 1986<\/h4>\n\n\n\n<div class=\"wp-block-columns is-layout-flex wp-container-core-columns-is-layout-28f84493 wp-block-columns-is-layout-flex\">\n<div class=\"wp-block-column text-sloupec is-layout-flow wp-block-column-is-layout-flow\">\n<div class=\"wp-block-group text-sloupec is-vertical is-layout-flex wp-container-core-group-is-layout-fe9cc265 wp-block-group-is-layout-flex\">\n<p>Nev\u00edm, jak moc \u0161\u0165astn\u00e1 byla \u0160i\u0161ka v\u00a0tom zam\u011bstn\u00e1n\u00ed v\u00a0M\u011b\u0159\u00edn\u011b. Ale v\u00edm, \u017ee kdy\u017e se uk\u00e1zalo, \u017ee je zase v\u00a0jin\u00e9m stavu, tak byla r\u00e1da a na nov\u00fd p\u0159\u00edr\u016fstek do rodiny jsme se t\u011b\u0161ili. Tenkr\u00e1t se je\u0161t\u011b nev\u011bd\u011blo, jestli to bude kluk nebo holka. Ale my jsme to nikdy ne\u0159e\u0161ili. Term\u00edn byl n\u011bkdy v\u00a0srpnu zrovna, kdy\u017e prob\u00edhal \u010dtvrt\u00fd ro\u010dn\u00edk &#8211; tehdy je\u0161t\u011b Folkov\u00fdch pr\u00e1zdnin v\u00a0Tel\u010di. J\u00e1 jsem jel do Tel\u010de d\u0159\u00edv p\u0159ipravovat festival i s\u00a0klukama a \u0160i\u0161ka je\u0161t\u011b z\u016fstala v\u00a0klidu doma v\u00a0Mezi\u0159\u00ed\u010dku a starala se o chalupu a zahr\u00e1dku. Kdy\u017e plela na zahr\u00e1dce jahody, tak to na n\u00ed p\u0159i\u0161lo (asi o n\u011bco d\u0159\u00edv, ne\u017e jsme v\u0161ichni p\u0159edpokl\u00e1dali), tak zavolala na souseda a ten ji odvezl do Jihlavy do porodnice. \u00a0Do Tel\u010de se zpr\u00e1va o narozen\u00ed Vojty dostala telefon\u00e1tem do z\u00e1meck\u00e9ho sklen\u00edku k\u00a0Van\u00ed\u010dk\u016fm (kde jsme m\u00edvali \u201eletn\u00ed byt\u201c) a proto\u017ee Zdena Van\u00ed\u010dkov\u00e1 tehdy pat\u0159ila do po\u0159adatelsk\u00e9ho t\u00fdmu, tak jsem byl posledn\u00ed, kdo se to dozv\u011bd\u011bl, proto\u017ee to pro m\u011b m\u011bli v\u0161ichni jako p\u0159ekvapen\u00ed. P\u0159i prvn\u00ed p\u0159\u00edle\u017eitosti jsme se jeli s\u00a0nov\u00fdm \u010dlenem rodiny pochlubit do Karlov\u00fdch Var\u016f.<\/p>\n\n\n\n<div class=\"wp-block-group foto-pruh wp-container-content-9cfa9a5a is-vertical is-layout-flex wp-container-core-group-is-layout-fed7e1b2 wp-block-group-is-layout-flex\"><div class=\"galerie_fotek alignwide\">\r\n\t<h2>Galerie<\/h2>\r\n\t<div class=\"collage\"><a data-caption='&lt;a href=&quot;https:\/\/kolarovi.rohozna.net\/fotky\/index.php?\/tags\/hanka_siska_kolarova&quot;&gt;Hanka &Scaron;i&scaron;ka Kol&aacute;\u0159ov&aacute;&lt;\/a&gt; &lt;a href=&quot;https:\/\/kolarovi.rohozna.net\/fotky\/index.php?\/tags\/vojta_kolar&quot;&gt;Vojta Kol&aacute;\u0159&lt;\/a&gt; &lt;a href=&quot;https:\/\/kolarovi.rohozna.net\/fotky\/index.php?\/tags\/ondra_kolar&quot;&gt;Ondra Kol&aacute;\u0159&lt;\/a&gt; &lt;a href=&quot;https:\/\/kolarovi.rohozna.net\/fotky\/index.php?\/tags\/karlovy_vary&quot;&gt;Karlovy Vary&lt;\/a&gt; 30.8.1986 00:00 Foto: Milan Medv\u011bd Kol&aacute;\u0159&lt;a download=&quot;&quot; href=https:\/\/kolarovi.rohozna.net\/fotky\/\/upload\/2026\/04\/21\/20260421232225-c0bf9ab5.jpg target=&quot;_blank&quot; title=&quot;St&aacute;hnout origin&aacute;l&quot; class=&quot;stahnout&quot;&gt;&lt;img src=&quot;\/fotky\/themes\/bootstrap_darkroom\/img\/sipka_stahni.svg&quot;&gt; st&aacute;hnout&lt;\/a&gt;' data-original='https:\/\/kolarovi.rohozna.net\/fotky\/\/upload\/2026\/04\/21\/20260421232225-c0bf9ab5.jpg' href='https:\/\/kolarovi.rohozna.net\/fotky\/\/i.php?\/upload\/2026\/04\/21\/20260421232225-c0bf9ab5-xl.jpg' title='30.8.1986 00:00 Foto: Milan Medv\u011bd Kol\u00e1\u0159'  data-fancybox='gallery' class=''><img src='https:\/\/kolarovi.rohozna.net\/fotky\/\/i.php?\/upload\/2026\/04\/21\/20260421232225-c0bf9ab5-th.jpg' alt='30.8.1986 00:00 Foto: Milan Medv\u011bd Kol\u00e1\u0159' style='height:100px;' class='galerie_tb'><\/a>\r\n<a data-caption='&lt;a href=&quot;https:\/\/kolarovi.rohozna.net\/fotky\/index.php?\/tags\/vojta_kolar&quot;&gt;Vojta Kol&aacute;\u0159&lt;\/a&gt; &lt;a href=&quot;https:\/\/kolarovi.rohozna.net\/fotky\/index.php?\/tags\/karlovy_vary&quot;&gt;Karlovy Vary&lt;\/a&gt; 30.8.1986 00:00 Foto: Milan Medv\u011bd Kol&aacute;\u0159&lt;a download=&quot;&quot; href=https:\/\/kolarovi.rohozna.net\/fotky\/\/upload\/2026\/04\/21\/20260421232225-4b42b90c.jpg target=&quot;_blank&quot; title=&quot;St&aacute;hnout origin&aacute;l&quot; class=&quot;stahnout&quot;&gt;&lt;img src=&quot;\/fotky\/themes\/bootstrap_darkroom\/img\/sipka_stahni.svg&quot;&gt; st&aacute;hnout&lt;\/a&gt;' data-original='https:\/\/kolarovi.rohozna.net\/fotky\/\/upload\/2026\/04\/21\/20260421232225-4b42b90c.jpg' href='https:\/\/kolarovi.rohozna.net\/fotky\/\/i.php?\/upload\/2026\/04\/21\/20260421232225-4b42b90c-xl.jpg' title='30.8.1986 00:00 Foto: Milan Medv\u011bd Kol\u00e1\u0159'  data-fancybox='gallery' class=''><img src='https:\/\/kolarovi.rohozna.net\/fotky\/\/i.php?\/upload\/2026\/04\/21\/20260421232225-4b42b90c-th.jpg' alt='30.8.1986 00:00 Foto: Milan Medv\u011bd Kol\u00e1\u0159' style='height:100px;' class='galerie_tb'><\/a>\r\n<a data-caption='&lt;a href=&quot;https:\/\/kolarovi.rohozna.net\/fotky\/index.php?\/tags\/vojta_kolar&quot;&gt;Vojta Kol&aacute;\u0159&lt;\/a&gt; &lt;a href=&quot;https:\/\/kolarovi.rohozna.net\/fotky\/index.php?\/tags\/simon_frei_nejstarsi&quot;&gt;&Scaron;imon Frei nejstar&scaron;&iacute;&lt;\/a&gt; &lt;a href=&quot;https:\/\/kolarovi.rohozna.net\/fotky\/index.php?\/tags\/karlovy_vary&quot;&gt;Karlovy Vary&lt;\/a&gt; 30.8.1986 00:00 Foto: Milan Medv\u011bd Kol&aacute;\u0159&lt;a download=&quot;&quot; href=https:\/\/kolarovi.rohozna.net\/fotky\/\/upload\/2026\/04\/21\/20260421232226-834c2c31.jpg target=&quot;_blank&quot; title=&quot;St&aacute;hnout origin&aacute;l&quot; class=&quot;stahnout&quot;&gt;&lt;img src=&quot;\/fotky\/themes\/bootstrap_darkroom\/img\/sipka_stahni.svg&quot;&gt; st&aacute;hnout&lt;\/a&gt;' data-original='https:\/\/kolarovi.rohozna.net\/fotky\/\/upload\/2026\/04\/21\/20260421232226-834c2c31.jpg' href='https:\/\/kolarovi.rohozna.net\/fotky\/\/i.php?\/upload\/2026\/04\/21\/20260421232226-834c2c31-xl.jpg' title='30.8.1986 00:00 Foto: Milan Medv\u011bd Kol\u00e1\u0159'  data-fancybox='gallery' class=''><img src='https:\/\/kolarovi.rohozna.net\/fotky\/\/i.php?\/upload\/2026\/04\/21\/20260421232226-834c2c31-th.jpg' alt='30.8.1986 00:00 Foto: Milan Medv\u011bd Kol\u00e1\u0159' style='height:100px;' class='galerie_tb'><\/a>\r\n<a data-caption='&lt;a href=&quot;https:\/\/kolarovi.rohozna.net\/fotky\/index.php?\/tags\/hanka_siska_kolarova&quot;&gt;Hanka &Scaron;i&scaron;ka Kol&aacute;\u0159ov&aacute;&lt;\/a&gt; &lt;a href=&quot;https:\/\/kolarovi.rohozna.net\/fotky\/index.php?\/tags\/vojta_kolar&quot;&gt;Vojta Kol&aacute;\u0159&lt;\/a&gt; &lt;a href=&quot;https:\/\/kolarovi.rohozna.net\/fotky\/index.php?\/tags\/anna_freiova&quot;&gt;Anna Freiov&aacute;&lt;\/a&gt; &lt;a href=&quot;https:\/\/kolarovi.rohozna.net\/fotky\/index.php?\/tags\/simon_frei_nejstarsi&quot;&gt;&Scaron;imon Frei nejstar&scaron;&iacute;&lt;\/a&gt; &lt;a href=&quot;https:\/\/kolarovi.rohozna.net\/fotky\/index.php?\/tags\/karlovy_vary&quot;&gt;Karlovy Vary&lt;\/a&gt; 30.8.1986 00:00 Foto: Milan Medv\u011bd Kol&aacute;\u0159&lt;a download=&quot;&quot; href=https:\/\/kolarovi.rohozna.net\/fotky\/\/upload\/2026\/04\/21\/20260421232227-09bfd9f6.jpg target=&quot;_blank&quot; title=&quot;St&aacute;hnout origin&aacute;l&quot; class=&quot;stahnout&quot;&gt;&lt;img src=&quot;\/fotky\/themes\/bootstrap_darkroom\/img\/sipka_stahni.svg&quot;&gt; st&aacute;hnout&lt;\/a&gt;' data-original='https:\/\/kolarovi.rohozna.net\/fotky\/\/upload\/2026\/04\/21\/20260421232227-09bfd9f6.jpg' href='https:\/\/kolarovi.rohozna.net\/fotky\/\/i.php?\/upload\/2026\/04\/21\/20260421232227-09bfd9f6-xl.jpg' title='30.8.1986 00:00 Foto: Milan Medv\u011bd Kol\u00e1\u0159'  data-fancybox='gallery' class=''><img src='https:\/\/kolarovi.rohozna.net\/fotky\/\/i.php?\/upload\/2026\/04\/21\/20260421232227-09bfd9f6-th.jpg' alt='30.8.1986 00:00 Foto: Milan Medv\u011bd Kol\u00e1\u0159' style='height:100px;' class='galerie_tb'><\/a>\r\n<a data-caption='&lt;a href=&quot;https:\/\/kolarovi.rohozna.net\/fotky\/index.php?\/tags\/hanka_siska_kolarova&quot;&gt;Hanka &Scaron;i&scaron;ka Kol&aacute;\u0159ov&aacute;&lt;\/a&gt; &lt;a href=&quot;https:\/\/kolarovi.rohozna.net\/fotky\/index.php?\/tags\/vojta_kolar&quot;&gt;Vojta Kol&aacute;\u0159&lt;\/a&gt; &lt;a href=&quot;https:\/\/kolarovi.rohozna.net\/fotky\/index.php?\/tags\/simon_frei_nejstarsi&quot;&gt;&Scaron;imon Frei nejstar&scaron;&iacute;&lt;\/a&gt; &lt;a href=&quot;https:\/\/kolarovi.rohozna.net\/fotky\/index.php?\/tags\/karlovy_vary&quot;&gt;Karlovy Vary&lt;\/a&gt; 30.8.1986 00:00 Foto: Milan Medv\u011bd Kol&aacute;\u0159&lt;a download=&quot;&quot; href=https:\/\/kolarovi.rohozna.net\/fotky\/\/upload\/2026\/04\/21\/20260421232227-59aa0c12.jpg target=&quot;_blank&quot; title=&quot;St&aacute;hnout origin&aacute;l&quot; class=&quot;stahnout&quot;&gt;&lt;img src=&quot;\/fotky\/themes\/bootstrap_darkroom\/img\/sipka_stahni.svg&quot;&gt; st&aacute;hnout&lt;\/a&gt;' data-original='https:\/\/kolarovi.rohozna.net\/fotky\/\/upload\/2026\/04\/21\/20260421232227-59aa0c12.jpg' href='https:\/\/kolarovi.rohozna.net\/fotky\/\/i.php?\/upload\/2026\/04\/21\/20260421232227-59aa0c12-xl.jpg' title='30.8.1986 00:00 Foto: Milan Medv\u011bd Kol\u00e1\u0159'  data-fancybox='gallery' class=''><img src='https:\/\/kolarovi.rohozna.net\/fotky\/\/i.php?\/upload\/2026\/04\/21\/20260421232227-59aa0c12-th.jpg' alt='30.8.1986 00:00 Foto: Milan Medv\u011bd Kol\u00e1\u0159' style='height:100px;' class='galerie_tb'><\/a>\r\n<\/div><\/div>\r\n\t<script src=\"\/includes\/jquery.collagePlus.min.js\"><\/script>\r\n\t<script src=\"\/includes\/jquery.removeWhitespace.min.js\"><\/script>\r\n\t<script>\r\n\t   function collage() {\r\n\t\t\tjQuery(\".collage\").css(\"background\", \"none\");\t\t\t\r\n\t\t\tjQuery( \".galerie_tb\" ).fadeTo( \"slow\" , 1, function() {\r\n\t\t\t\/\/ Animation complete.\r\n\t\t\t});\r\n\t\t\t\/* postupn\u011b\r\n\t\t\tjQuery(\".galerie_tb\").each(function(i) {\r\n\t\t\tvar initialDelay = i * 50;\r\n\t\t\t\tjQuery(this).delay(initialDelay).fadeTo( \"slow\" , 1, function() {\r\n\t\t\t\t\/\/ Animation complete.\r\n\t\t\t\t});\r\n\t\t\t});\r\n\t\t\t*\/\r\n\t\t\tjQuery(\".zbytek_fotek1\").css(\"opacity\", \"100%\");\r\n\t\t\tjQuery(\".collage\").removeWhitespace().collagePlus(\r\n\t\t\t\t{\r\n\t\t\t\t\t\"fadeSpeed\"     : 200,\r\n\t\t\t\t\t\"allowPartialLastRow\": true,\r\n\t\t\t\t\t\"targetHeight\"  : 100\r\n\t\t\t\t}\r\n\t\t\t);\r\n\t\t};\r\n\r\n\r\n\t\t\r\n\tjQuery(window).load(function () {\r\n\t jQuery(document).ready(function(){\r\n\t\t\t\tcollage();           \r\n\t\t\t});\r\n\t});\r\n\t var resizeTimer = null;\r\n\t\tjQuery(window).bind(\"resize\", function() {        \r\n\t\t\tif (resizeTimer) clearTimeout(resizeTimer);\r\n\t\t\tresizeTimer = setTimeout(collage, 200);\r\n\t\t});\r\n\t<\/script>\n<\/div>\n<\/div>\n<\/div>\n\n\n\n<div class=\"wp-block-column is-vertically-aligned-center foto-sloupec is-layout-flow wp-block-column-is-layout-flow\" style=\"flex-basis:40%\">\n<figure class=\"wp-block-image aligncenter size-large\"><a href=\"https:\/\/kolarovi.rohozna.net\/fotky\/_data\/i\/upload\/2024\/01\/29\/20240129144617-91aae3a6-xl.jpg\"><img decoding=\"async\" src=\"https:\/\/kolarovi.rohozna.net\/fotky\/_data\/i\/upload\/2026\/04\/21\/20260421232226-f2265c9c-xl.jpg\" alt=\"\" style=\"object-fit:cover\" title=\"\u0160i\u0161ka s klukama na ostrov\u011b\"\/><\/a><\/figure>\n<\/div>\n<\/div>\n","protected":false},"excerpt":{"rendered":"<p>4. 8. 1986 Nev\u00edm, jak moc \u0161\u0165astn\u00e1 byla \u0160i\u0161ka v\u00a0tom zam\u011bstn\u00e1n\u00ed v\u00a0M\u011b\u0159\u00edn\u011b. Ale v\u00edm, \u017ee kdy\u017e se uk\u00e1zalo, \u017ee je zase v\u00a0jin\u00e9m stavu, tak byla r\u00e1da a na nov\u00fd p\u0159\u00edr\u016fstek do rodiny jsme se t\u011b\u0161ili. Tenkr\u00e1t se je\u0161t\u011b nev\u011bd\u011blo, jestli to bude kluk nebo holka. Ale my jsme to nikdy ne\u0159e\u0161ili. Term\u00edn byl n\u011bkdy v\u00a0srpnu [&hellip;]<\/p>\n","protected":false},"author":1,"featured_media":2224,"comment_status":"open","ping_status":"open","sticky":false,"template":"i-ka-p-sp-vky","format":"standard","meta":{"fifu_image_url":"https:\/\/kolarovi.rohozna.net\/fotky\/_data\/i\/upload\/2026\/04\/21\/20260421232225-c0bf9ab5-cu_s9999x200.jpg","fifu_image_alt":"","footnotes":""},"categories":[2],"tags":[],"class_list":["post-2221","post","type-post","status-publish","format-standard","has-post-thumbnail","hentry","category-siska"],"_links":{"self":[{"href":"https:\/\/kolarovi.rohozna.net\/wp\/wp-json\/wp\/v2\/posts\/2221","targetHints":{"allow":["GET"]}}],"collection":[{"href":"https:\/\/kolarovi.rohozna.net\/wp\/wp-json\/wp\/v2\/posts"}],"about":[{"href":"https:\/\/kolarovi.rohozna.net\/wp\/wp-json\/wp\/v2\/types\/post"}],"author":[{"embeddable":true,"href":"https:\/\/kolarovi.rohozna.net\/wp\/wp-json\/wp\/v2\/users\/1"}],"replies":[{"embeddable":true,"href":"https:\/\/kolarovi.rohozna.net\/wp\/wp-json\/wp\/v2\/comments?post=2221"}],"version-history":[{"count":3,"href":"https:\/\/kolarovi.rohozna.net\/wp\/wp-json\/wp\/v2\/posts\/2221\/revisions"}],"predecessor-version":[{"id":2225,"href":"https:\/\/kolarovi.rohozna.net\/wp\/wp-json\/wp\/v2\/posts\/2221\/revisions\/2225"}],"wp:featuredmedia":[{"embeddable":true,"href":"https:\/\/kolarovi.rohozna.net\/wp\/wp-json\/wp\/v2\/media\/2224"}],"wp:attachment":[{"href":"https:\/\/kolarovi.rohozna.net\/wp\/wp-json\/wp\/v2\/media?parent=2221"}],"wp:term":[{"taxonomy":"category","embeddable":true,"href":"https:\/\/kolarovi.rohozna.net\/wp\/wp-json\/wp\/v2\/categories?post=2221"},{"taxonomy":"post_tag","embeddable":true,"href":"https:\/\/kolarovi.rohozna.net\/wp\/wp-json\/wp\/v2\/tags?post=2221"}],"curies":[{"name":"wp","href":"https:\/\/api.w.org\/{rel}","templated":true}]}}