{"id":6,"date":"1976-03-07T21:25:00","date_gmt":"1976-03-07T20:25:00","guid":{"rendered":"https:\/\/kolarovi.rohozna.net\/wp\/?p=6"},"modified":"2026-04-23T13:02:01","modified_gmt":"2026-04-23T11:02:01","slug":"jak-jsme-se-seznamili","status":"publish","type":"post","link":"https:\/\/kolarovi.rohozna.net\/wp\/siska\/jak-jsme-se-seznamili","title":{"rendered":"Jak jsme se sezn\u00e1mili"},"content":{"rendered":"\n<h4 class=\"wp-block-heading has-text-align-center datumovka has-large-font-size\">1976<\/h4>\n\n\n\n<div class=\"wp-block-columns is-layout-flex wp-container-core-columns-is-layout-28f84493 wp-block-columns-is-layout-flex\">\n<div class=\"wp-block-column foto-sloupec is-layout-flow wp-block-column-is-layout-flow\" style=\"flex-basis:40%\">\n<figure class=\"wp-block-image aligncenter size-large\"><a href=\"https:\/\/kolarovi.rohozna.net\/fotky\/i.php?\/upload\/2025\/12\/21\/20251221230717-574bd36c-xl.png\"><img decoding=\"async\" src=\"https:\/\/kolarovi.rohozna.net\/fotky\/i.php?\/upload\/2025\/12\/21\/20251221230717-574bd36c-xl.png\" alt=\"\" style=\"object-fit:cover\" title=\"\u0160i\u0161ka v z\u00e1v\u011bji\"\/><\/a><\/figure>\n<\/div>\n\n\n\n<div class=\"wp-block-column text-sloupec is-layout-flow wp-block-column-is-layout-flow\">\n<div class=\"wp-block-group text-sloupec is-vertical is-layout-flex wp-container-core-group-is-layout-fe9cc265 wp-block-group-is-layout-flex\">\n<p>Studovali jsme spole\u010dn\u011b Vysokou \u0161kolu ekonomickou v Praze a se\u0161li jsme se v turistick\u00e9m odd\u00edle, kter\u00fd vedl n\u00e1\u0161 milovan\u00fd Pan u\u010ditel \u010cervenka. J\u00e1 jsem byl ve \u010dtvr\u0165\u00e1ku a \u0160i\u0161ka ve druh\u00e1ku. Mn\u011b bylo 22 a \u0160i\u0161ce 20 let. Jen co jsem p\u0159ijel do \u0161koly za\u010d\u00e1tkem ledna 1976, tak jsem se hned b\u011b\u017eel zapsat na v\u00fdpravy turis\u0165\u00e1ku. Ta nejbli\u017e\u0161\u00ed akce byla v\u00edkend na b\u011b\u017ek\u00e1ch v Krkono\u0161\u00edch na Th\u00e1mov\u00fdch boud\u00e1ch. P\u0159i zapisov\u00e1n\u00ed jsem si v\u0161iml roztomil\u00e9ho d\u011bv\u010d\u00e1tka, kter\u00e9 se tak\u00e9 se svou kamar\u00e1dkou p\u0159ihla\u0161ovalo. To jsou takov\u00e9 okam\u017eiky v \u017eivot\u011b a takov\u00e9 pohledy, kter\u00e9 si pamatujete nav\u017edy. A p\u0159itom v tom moment\u011b jim nep\u0159isuzujete \u017e\u00e1dn\u00fd v\u00fdznam. Akce se konala 5. \u2013 7. b\u0159ezna 1976, tedy a\u017e za dva m\u011bs\u00edce a do t\u00e9 doby jsme se nepotkali.<\/p>\n\n\n\n<p>Bydleli jsme oba na koleji na Jarov\u011b a na sraz, na kter\u00fd jsme jeli s ly\u017eemi v ruce a pytl\u00ed\u010dkem bonb\u00f3n\u016f v kapse jsme se potkali ve stejn\u00e9 tramvaji. Tam jsme si u\u017e nesm\u011ble nab\u00edzeli bonb\u00f3ny. Asi Lesn\u011bnky to byly. A st\u00e1le nic. A\u017e p\u0159i p\u0159\u00edjezdu na chaty n\u00e1m Pan u\u010ditel ozn\u00e1mil, \u017ee v chat\u00e1ch je m\u00e9n\u011b postel\u00ed, ne\u017e je n\u00e1s a \u017ee si m\u00e1me vybrat, kdo s k\u00fdm bude sp\u00e1t v jedn\u00e9 posteli. Na akci bylo sice v\u00edc kamar\u00e1dek, kter\u00e9 jsem u\u017e dob\u0159e znal za tu dobu v turis\u0165\u00e1ku, ale takov\u00e1 situace, kdy se te\u010f \u010dlov\u011bk mus\u00ed rozhodnout ke komu se m\u00e1 vnutit do postele, to je t\u011b\u017ek\u00e9 rozhodov\u00e1n\u00ed. Proto\u017ee to je prost\u011b mo\u017en\u00e1 na zbytek \u017eivota. Prost\u011b jsem se drze vnutil do postele \u0160i\u0161ce. Ve stop\u011b jsem jezdil za n\u00ed a nepamatuju si v\u00edc, ne\u017e \u017ee m\u011bla na sob\u011b kr\u00e1sn\u00e9 doma u\u0161it\u00e9 \u0161us\u0165\u00e1ky (proto\u017ee to tenkr\u00e1t jinak ani nebylo mo\u017en\u00e9) a moc j\u00ed to v nich slu\u0161elo\u2026 Shodou n\u00e1hod jsme se k t\u011bm Th\u00e1mov\u00fdm boud\u00e1m dostali po mnoha a mnoha letech.<\/p>\n\n\n\n<div class=\"wp-block-group wp-container-content-9cfa9a5a is-vertical is-layout-flex wp-container-core-group-is-layout-38b3524e wp-block-group-is-layout-flex\" style=\"padding-bottom:var(--wp--preset--spacing--20)\">\n<div class=\"wp-block-group foto-pruh is-nowrap is-layout-flex wp-container-core-group-is-layout-6c531013 wp-block-group-is-layout-flex\">\n<figure class=\"wp-block-image size-medium\"><a href=\"https:\/\/kolarovi.rohozna.net\/wp\/wp-content\/uploads\/2026\/01\/thamovky.jpg\"><img loading=\"lazy\" decoding=\"async\" width=\"300\" height=\"164\" src=\"https:\/\/kolarovi.rohozna.net\/wp\/wp-content\/uploads\/2026\/01\/thamovky-300x164.jpg\" alt=\"\" class=\"wp-image-10\" style=\"object-fit:cover\" title=\"Th\u00e1mova bouda po letech\" srcset=\"https:\/\/kolarovi.rohozna.net\/wp\/wp-content\/uploads\/2026\/01\/thamovky-300x164.jpg 300w, https:\/\/kolarovi.rohozna.net\/wp\/wp-content\/uploads\/2026\/01\/thamovky-768x420.jpg 768w, https:\/\/kolarovi.rohozna.net\/wp\/wp-content\/uploads\/2026\/01\/thamovky-1024x561.jpg 1024w, https:\/\/kolarovi.rohozna.net\/wp\/wp-content\/uploads\/2026\/01\/thamovky-1536x841.jpg 1536w, https:\/\/kolarovi.rohozna.net\/wp\/wp-content\/uploads\/2026\/01\/thamovky.jpg 2000w\" sizes=\"auto, (max-width: 300px) 100vw, 300px\" \/><\/a><\/figure>\n<\/div>\n<\/div>\n<\/div>\n<\/div>\n<\/div>\n","protected":false},"excerpt":{"rendered":"<p>1976 Studovali jsme spole\u010dn\u011b Vysokou \u0161kolu ekonomickou v Praze a se\u0161li jsme se v turistick\u00e9m odd\u00edle, kter\u00fd vedl n\u00e1\u0161 milovan\u00fd Pan u\u010ditel \u010cervenka. J\u00e1 jsem byl ve \u010dtvr\u0165\u00e1ku a \u0160i\u0161ka ve druh\u00e1ku. Mn\u011b bylo 22 a \u0160i\u0161ce 20 let. Jen co jsem p\u0159ijel do \u0161koly za\u010d\u00e1tkem ledna 1976, tak jsem se hned b\u011b\u017eel zapsat na [&hellip;]<\/p>\n","protected":false},"author":1,"featured_media":1675,"comment_status":"open","ping_status":"open","sticky":false,"template":"i-ka-p-sp-vky","format":"standard","meta":{"fifu_image_url":"https:\/\/kolarovi.rohozna.net\/fotky\/_data\/i\/upload\/2025\/12\/21\/20251221230717-574bd36c-cu_s9999x200.png","fifu_image_alt":"","footnotes":""},"categories":[2],"tags":[],"class_list":["post-6","post","type-post","status-publish","format-standard","has-post-thumbnail","hentry","category-siska"],"_links":{"self":[{"href":"https:\/\/kolarovi.rohozna.net\/wp\/wp-json\/wp\/v2\/posts\/6","targetHints":{"allow":["GET"]}}],"collection":[{"href":"https:\/\/kolarovi.rohozna.net\/wp\/wp-json\/wp\/v2\/posts"}],"about":[{"href":"https:\/\/kolarovi.rohozna.net\/wp\/wp-json\/wp\/v2\/types\/post"}],"author":[{"embeddable":true,"href":"https:\/\/kolarovi.rohozna.net\/wp\/wp-json\/wp\/v2\/users\/1"}],"replies":[{"embeddable":true,"href":"https:\/\/kolarovi.rohozna.net\/wp\/wp-json\/wp\/v2\/comments?post=6"}],"version-history":[{"count":25,"href":"https:\/\/kolarovi.rohozna.net\/wp\/wp-json\/wp\/v2\/posts\/6\/revisions"}],"predecessor-version":[{"id":2228,"href":"https:\/\/kolarovi.rohozna.net\/wp\/wp-json\/wp\/v2\/posts\/6\/revisions\/2228"}],"wp:featuredmedia":[{"embeddable":true,"href":"https:\/\/kolarovi.rohozna.net\/wp\/wp-json\/wp\/v2\/media\/1675"}],"wp:attachment":[{"href":"https:\/\/kolarovi.rohozna.net\/wp\/wp-json\/wp\/v2\/media?parent=6"}],"wp:term":[{"taxonomy":"category","embeddable":true,"href":"https:\/\/kolarovi.rohozna.net\/wp\/wp-json\/wp\/v2\/categories?post=6"},{"taxonomy":"post_tag","embeddable":true,"href":"https:\/\/kolarovi.rohozna.net\/wp\/wp-json\/wp\/v2\/tags?post=6"}],"curies":[{"name":"wp","href":"https:\/\/api.w.org\/{rel}","templated":true}]}}